{"id":94848,"date":"2016-06-09T09:33:53","date_gmt":"2016-06-09T07:33:53","guid":{"rendered":"http:\/\/polakweuropie.sprjp2.edu.pl\/?p=94848"},"modified":"2016-06-09T09:34:20","modified_gmt":"2016-06-09T07:34:20","slug":"94848","status":"publish","type":"post","link":"https:\/\/polakweuropie.sprjp2.edu.pl\/?p=94848","title":{"rendered":"Wycieczka na zako\u0144czenie IV edycji projektu."},"content":{"rendered":"<p>Wycieczka na zako\u0144czenie IV edycji projektu &#8222;Cudze chwalicie, swego nie znacie&#8221;. Tym razem z p. Przemkiem Paskiem z Fundacji Ja Wis\u0142a odkrywali\u015bmy twierdz\u0119 Modlin. Wiemy ju\u017c jak wygl\u0105da i dzia\u0142a mur Carnota, kazamaty, jak ci\u0105gn\u0119\u0142o si\u0119 nudno i niezdrowo \u017cycie rosyjskiego \u017co\u0142nierza, kt\u00f3ry m\u00f3g\u0142 sp\u0119dzi\u0107 20-letni\u0105 s\u0142u\u017cb\u0119 wojskow\u0105 w Modlinie nie przemierzaj\u0105c nawet dziesi\u0105tej cz\u0119\u015bci tego, co poznali\u015bmy my. Ale nam niepotrzebne dzi\u015b by\u0142y has\u0142a i odzewy, za to\u00a0 latarki i lina do forsowania wa\u0142\u00f3w i przemierzania potern bardzo! A nawet do obliczania g\u0142\u0119boko\u015bci studni. A na koniec na pla\u017cy nad Wis\u0142\u0105 ju\u017c zasilon\u0105 przez Narew upiekli\u015bmy kie\u0142baski i parz\u0105ce pianki.<br \/>\nNast\u0119pna edycja &#8211; jubileuszowa -&gt; pi\u0105ta! ju\u017c od wrze\u015bnia, a kolejna wycieczka<br \/>\nw czerwcu 2017. Zapraszamy!<\/p>\n<p><a href=\"http:\/\/polakweuropie.sprjp2.edu.pl\/wp-content\/uploads\/2016\/06\/20160607_110741.jpg\"><img loading=\"lazy\" decoding=\"async\" class=\"aligncenter size-medium wp-image-94849\" src=\"http:\/\/polakweuropie.sprjp2.edu.pl\/wp-content\/uploads\/2016\/06\/20160607_110741-169x300.jpg\" alt=\"20160607_110741\" width=\"169\" height=\"300\" srcset=\"https:\/\/polakweuropie.sprjp2.edu.pl\/wp-content\/uploads\/2016\/06\/20160607_110741-169x300.jpg 169w, https:\/\/polakweuropie.sprjp2.edu.pl\/wp-content\/uploads\/2016\/06\/20160607_110741-768x1365.jpg 768w, https:\/\/polakweuropie.sprjp2.edu.pl\/wp-content\/uploads\/2016\/06\/20160607_110741-576x1024.jpg 576w\" sizes=\"(max-width: 169px) 100vw, 169px\" \/><\/a> <a href=\"http:\/\/polakweuropie.sprjp2.edu.pl\/wp-content\/uploads\/2016\/06\/20160607_111421.jpg\"><img loading=\"lazy\" decoding=\"async\" class=\"aligncenter size-medium wp-image-94850\" src=\"http:\/\/polakweuropie.sprjp2.edu.pl\/wp-content\/uploads\/2016\/06\/20160607_111421-169x300.jpg\" alt=\"20160607_111421\" width=\"169\" height=\"300\" srcset=\"https:\/\/polakweuropie.sprjp2.edu.pl\/wp-content\/uploads\/2016\/06\/20160607_111421-169x300.jpg 169w, https:\/\/polakweuropie.sprjp2.edu.pl\/wp-content\/uploads\/2016\/06\/20160607_111421-768x1365.jpg 768w, https:\/\/polakweuropie.sprjp2.edu.pl\/wp-content\/uploads\/2016\/06\/20160607_111421-576x1024.jpg 576w\" sizes=\"(max-width: 169px) 100vw, 169px\" \/><\/a> <a href=\"http:\/\/polakweuropie.sprjp2.edu.pl\/wp-content\/uploads\/2016\/06\/20160607_111830.jpg\"><img loading=\"lazy\" decoding=\"async\" class=\"aligncenter wp-image-94851 size-medium\" src=\"http:\/\/polakweuropie.sprjp2.edu.pl\/wp-content\/uploads\/2016\/06\/20160607_111830-e1465457555156-169x300.jpg\" alt=\"20160607_111830\" width=\"169\" height=\"300\" srcset=\"https:\/\/polakweuropie.sprjp2.edu.pl\/wp-content\/uploads\/2016\/06\/20160607_111830-e1465457555156-169x300.jpg 169w, https:\/\/polakweuropie.sprjp2.edu.pl\/wp-content\/uploads\/2016\/06\/20160607_111830-e1465457555156-768x1365.jpg 768w, https:\/\/polakweuropie.sprjp2.edu.pl\/wp-content\/uploads\/2016\/06\/20160607_111830-e1465457555156-576x1024.jpg 576w\" sizes=\"(max-width: 169px) 100vw, 169px\" \/><\/a> <a href=\"http:\/\/polakweuropie.sprjp2.edu.pl\/wp-content\/uploads\/2016\/06\/20160607_112652.jpg\"><img loading=\"lazy\" decoding=\"async\" class=\"aligncenter wp-image-94852 size-medium\" src=\"http:\/\/polakweuropie.sprjp2.edu.pl\/wp-content\/uploads\/2016\/06\/20160607_112652-e1465457532726-169x300.jpg\" alt=\"20160607_112652\" width=\"169\" height=\"300\" srcset=\"https:\/\/polakweuropie.sprjp2.edu.pl\/wp-content\/uploads\/2016\/06\/20160607_112652-e1465457532726-169x300.jpg 169w, https:\/\/polakweuropie.sprjp2.edu.pl\/wp-content\/uploads\/2016\/06\/20160607_112652-e1465457532726-768x1365.jpg 768w, https:\/\/polakweuropie.sprjp2.edu.pl\/wp-content\/uploads\/2016\/06\/20160607_112652-e1465457532726-576x1024.jpg 576w\" sizes=\"(max-width: 169px) 100vw, 169px\" \/><\/a> <a href=\"http:\/\/polakweuropie.sprjp2.edu.pl\/wp-content\/uploads\/2016\/06\/20160607_115330.jpg\"><img loading=\"lazy\" decoding=\"async\" class=\"aligncenter wp-image-94853 size-medium\" src=\"http:\/\/polakweuropie.sprjp2.edu.pl\/wp-content\/uploads\/2016\/06\/20160607_115330-e1465457581539-169x300.jpg\" alt=\"20160607_115330\" width=\"169\" height=\"300\" srcset=\"https:\/\/polakweuropie.sprjp2.edu.pl\/wp-content\/uploads\/2016\/06\/20160607_115330-e1465457581539-169x300.jpg 169w, https:\/\/polakweuropie.sprjp2.edu.pl\/wp-content\/uploads\/2016\/06\/20160607_115330-e1465457581539-768x1365.jpg 768w, https:\/\/polakweuropie.sprjp2.edu.pl\/wp-content\/uploads\/2016\/06\/20160607_115330-e1465457581539-576x1024.jpg 576w\" sizes=\"(max-width: 169px) 100vw, 169px\" \/><\/a> <a href=\"http:\/\/polakweuropie.sprjp2.edu.pl\/wp-content\/uploads\/2016\/06\/20160607_115336.jpg\"><img loading=\"lazy\" decoding=\"async\" class=\"aligncenter size-medium wp-image-94854\" src=\"http:\/\/polakweuropie.sprjp2.edu.pl\/wp-content\/uploads\/2016\/06\/20160607_115336-169x300.jpg\" alt=\"20160607_115336\" width=\"169\" height=\"300\" srcset=\"https:\/\/polakweuropie.sprjp2.edu.pl\/wp-content\/uploads\/2016\/06\/20160607_115336-169x300.jpg 169w, https:\/\/polakweuropie.sprjp2.edu.pl\/wp-content\/uploads\/2016\/06\/20160607_115336-768x1365.jpg 768w, https:\/\/polakweuropie.sprjp2.edu.pl\/wp-content\/uploads\/2016\/06\/20160607_115336-576x1024.jpg 576w\" sizes=\"(max-width: 169px) 100vw, 169px\" \/><\/a> <a href=\"http:\/\/polakweuropie.sprjp2.edu.pl\/wp-content\/uploads\/2016\/06\/20160607_115907.jpg\"><img loading=\"lazy\" decoding=\"async\" class=\"aligncenter size-medium wp-image-94855\" src=\"http:\/\/polakweuropie.sprjp2.edu.pl\/wp-content\/uploads\/2016\/06\/20160607_115907-169x300.jpg\" alt=\"20160607_115907\" width=\"169\" height=\"300\" srcset=\"https:\/\/polakweuropie.sprjp2.edu.pl\/wp-content\/uploads\/2016\/06\/20160607_115907-169x300.jpg 169w, https:\/\/polakweuropie.sprjp2.edu.pl\/wp-content\/uploads\/2016\/06\/20160607_115907-768x1365.jpg 768w, https:\/\/polakweuropie.sprjp2.edu.pl\/wp-content\/uploads\/2016\/06\/20160607_115907-576x1024.jpg 576w\" sizes=\"(max-width: 169px) 100vw, 169px\" \/><\/a> <a href=\"http:\/\/polakweuropie.sprjp2.edu.pl\/wp-content\/uploads\/2016\/06\/20160607_132100.jpg\"><img loading=\"lazy\" decoding=\"async\" class=\"aligncenter wp-image-94856 size-medium\" src=\"http:\/\/polakweuropie.sprjp2.edu.pl\/wp-content\/uploads\/2016\/06\/20160607_132100-e1465457612749-169x300.jpg\" alt=\"20160607_132100\" width=\"169\" height=\"300\" srcset=\"https:\/\/polakweuropie.sprjp2.edu.pl\/wp-content\/uploads\/2016\/06\/20160607_132100-e1465457612749-169x300.jpg 169w, https:\/\/polakweuropie.sprjp2.edu.pl\/wp-content\/uploads\/2016\/06\/20160607_132100-e1465457612749-768x1365.jpg 768w, https:\/\/polakweuropie.sprjp2.edu.pl\/wp-content\/uploads\/2016\/06\/20160607_132100-e1465457612749-576x1024.jpg 576w\" sizes=\"(max-width: 169px) 100vw, 169px\" \/><\/a> <a href=\"http:\/\/polakweuropie.sprjp2.edu.pl\/wp-content\/uploads\/2016\/06\/20160607_132104.jpg\"><img loading=\"lazy\" decoding=\"async\" class=\"aligncenter size-medium wp-image-94857\" src=\"http:\/\/polakweuropie.sprjp2.edu.pl\/wp-content\/uploads\/2016\/06\/20160607_132104-300x169.jpg\" alt=\"20160607_132104\" width=\"300\" height=\"169\" srcset=\"https:\/\/polakweuropie.sprjp2.edu.pl\/wp-content\/uploads\/2016\/06\/20160607_132104-300x169.jpg 300w, https:\/\/polakweuropie.sprjp2.edu.pl\/wp-content\/uploads\/2016\/06\/20160607_132104-768x432.jpg 768w, https:\/\/polakweuropie.sprjp2.edu.pl\/wp-content\/uploads\/2016\/06\/20160607_132104-1024x576.jpg 1024w, https:\/\/polakweuropie.sprjp2.edu.pl\/wp-content\/uploads\/2016\/06\/20160607_132104-500x281.jpg 500w\" sizes=\"(max-width: 300px) 100vw, 300px\" \/><\/a> <a href=\"http:\/\/polakweuropie.sprjp2.edu.pl\/wp-content\/uploads\/2016\/06\/20160607_132106.jpg\"><img loading=\"lazy\" decoding=\"async\" class=\"aligncenter size-medium wp-image-94858\" src=\"http:\/\/polakweuropie.sprjp2.edu.pl\/wp-content\/uploads\/2016\/06\/20160607_132106-300x169.jpg\" alt=\"20160607_132106\" width=\"300\" height=\"169\" srcset=\"https:\/\/polakweuropie.sprjp2.edu.pl\/wp-content\/uploads\/2016\/06\/20160607_132106-300x169.jpg 300w, https:\/\/polakweuropie.sprjp2.edu.pl\/wp-content\/uploads\/2016\/06\/20160607_132106-768x432.jpg 768w, https:\/\/polakweuropie.sprjp2.edu.pl\/wp-content\/uploads\/2016\/06\/20160607_132106-1024x576.jpg 1024w, https:\/\/polakweuropie.sprjp2.edu.pl\/wp-content\/uploads\/2016\/06\/20160607_132106-500x281.jpg 500w\" sizes=\"(max-width: 300px) 100vw, 300px\" \/><\/a> <a href=\"http:\/\/polakweuropie.sprjp2.edu.pl\/wp-content\/uploads\/2016\/06\/20160607_132207.jpg\"><img loading=\"lazy\" decoding=\"async\" class=\"aligncenter size-medium wp-image-94859\" src=\"http:\/\/polakweuropie.sprjp2.edu.pl\/wp-content\/uploads\/2016\/06\/20160607_132207-169x300.jpg\" alt=\"20160607_132207\" width=\"169\" height=\"300\" srcset=\"https:\/\/polakweuropie.sprjp2.edu.pl\/wp-content\/uploads\/2016\/06\/20160607_132207-169x300.jpg 169w, https:\/\/polakweuropie.sprjp2.edu.pl\/wp-content\/uploads\/2016\/06\/20160607_132207-768x1365.jpg 768w, https:\/\/polakweuropie.sprjp2.edu.pl\/wp-content\/uploads\/2016\/06\/20160607_132207-576x1024.jpg 576w\" sizes=\"(max-width: 169px) 100vw, 169px\" \/><\/a> <a href=\"http:\/\/polakweuropie.sprjp2.edu.pl\/wp-content\/uploads\/2016\/06\/20160607_152043.jpg\"><img loading=\"lazy\" decoding=\"async\" class=\"aligncenter size-medium wp-image-94860\" src=\"http:\/\/polakweuropie.sprjp2.edu.pl\/wp-content\/uploads\/2016\/06\/20160607_152043-169x300.jpg\" alt=\"20160607_152043\" width=\"169\" height=\"300\" srcset=\"https:\/\/polakweuropie.sprjp2.edu.pl\/wp-content\/uploads\/2016\/06\/20160607_152043-169x300.jpg 169w, https:\/\/polakweuropie.sprjp2.edu.pl\/wp-content\/uploads\/2016\/06\/20160607_152043-768x1365.jpg 768w, https:\/\/polakweuropie.sprjp2.edu.pl\/wp-content\/uploads\/2016\/06\/20160607_152043-576x1024.jpg 576w\" sizes=\"(max-width: 169px) 100vw, 169px\" \/><\/a><\/p>\n","protected":false},"excerpt":{"rendered":"<p>Wycieczka na zako\u0144czenie IV edycji projektu &#8222;Cudze chwalicie, swego nie znacie&#8221;. Tym razem z p. Przemkiem Paskiem z Fundacji Ja Wis\u0142a odkrywali\u015bmy twierdz\u0119 Modlin. Wiemy ju\u017c jak wygl\u0105da i dzia\u0142a mur Carnota, kazamaty, jak ci\u0105gn\u0119\u0142o si\u0119 nudno i niezdrowo \u017cycie rosyjskiego \u017co\u0142nierza, kt\u00f3ry m\u00f3g\u0142 sp\u0119dzi\u0107 20-letni\u0105 s\u0142u\u017cb\u0119 wojskow\u0105 w Modlinie nie przemierzaj\u0105c nawet dziesi\u0105tej cz\u0119\u015bci [&hellip;]<\/p>\n","protected":false},"author":1,"featured_media":0,"comment_status":"closed","ping_status":"closed","sticky":false,"template":"","format":"standard","meta":{"ngg_post_thumbnail":0,"footnotes":""},"categories":[4],"tags":[],"class_list":["post-94848","post","type-post","status-publish","format-standard","hentry","category-aktualnosci"],"yoast_head":"<!-- This site is optimized with the Yoast SEO plugin v20.5 - https:\/\/yoast.com\/wordpress\/plugins\/seo\/ -->\n<title>Wycieczka na zako\u0144czenie IV edycji projektu. - \u201eCudze chwalicie, swego nie znacie...\u201d M\u0142ody Polak w Europie<\/title>\n<meta name=\"robots\" content=\"index, follow, max-snippet:-1, max-image-preview:large, max-video-preview:-1\" \/>\n<link rel=\"canonical\" href=\"https:\/\/polakweuropie.sprjp2.edu.pl\/?p=94848\" \/>\n<meta property=\"og:locale\" content=\"pl_PL\" \/>\n<meta property=\"og:type\" content=\"article\" \/>\n<meta property=\"og:title\" content=\"Wycieczka na zako\u0144czenie IV edycji projektu. - \u201eCudze chwalicie, swego nie znacie...\u201d M\u0142ody Polak w Europie\" \/>\n<meta property=\"og:description\" content=\"Wycieczka na zako\u0144czenie IV edycji projektu &#8222;Cudze chwalicie, swego nie znacie&#8221;. Tym razem z p. Przemkiem Paskiem z Fundacji Ja Wis\u0142a odkrywali\u015bmy twierdz\u0119 Modlin. Wiemy ju\u017c jak wygl\u0105da i dzia\u0142a mur Carnota, kazamaty, jak ci\u0105gn\u0119\u0142o si\u0119 nudno i niezdrowo \u017cycie rosyjskiego \u017co\u0142nierza, kt\u00f3ry m\u00f3g\u0142 sp\u0119dzi\u0107 20-letni\u0105 s\u0142u\u017cb\u0119 wojskow\u0105 w Modlinie nie przemierzaj\u0105c nawet dziesi\u0105tej cz\u0119\u015bci [&hellip;]\" \/>\n<meta property=\"og:url\" content=\"https:\/\/polakweuropie.sprjp2.edu.pl\/?p=94848\" \/>\n<meta property=\"og:site_name\" content=\"\u201eCudze chwalicie, swego nie znacie...\u201d M\u0142ody Polak w Europie\" \/>\n<meta property=\"article:published_time\" content=\"2016-06-09T07:33:53+00:00\" \/>\n<meta property=\"article:modified_time\" content=\"2016-06-09T07:34:20+00:00\" \/>\n<meta property=\"og:image\" content=\"http:\/\/polakweuropie.sprjp2.edu.pl\/wp-content\/uploads\/2016\/06\/20160607_110741-169x300.jpg\" \/>\n<meta name=\"author\" content=\"admin\" \/>\n<meta name=\"twitter:card\" content=\"summary_large_image\" \/>\n<meta name=\"twitter:label1\" content=\"Napisane przez\" \/>\n\t<meta name=\"twitter:data1\" content=\"admin\" \/>\n\t<meta name=\"twitter:label2\" content=\"Szacowany czas czytania\" \/>\n\t<meta name=\"twitter:data2\" content=\"1 minuta\" \/>\n<script type=\"application\/ld+json\" class=\"yoast-schema-graph\">{\"@context\":\"https:\/\/schema.org\",\"@graph\":[{\"@type\":\"WebPage\",\"@id\":\"https:\/\/polakweuropie.sprjp2.edu.pl\/?p=94848\",\"url\":\"https:\/\/polakweuropie.sprjp2.edu.pl\/?p=94848\",\"name\":\"Wycieczka na zako\u0144czenie IV edycji projektu. - \u201eCudze chwalicie, swego nie znacie...\u201d M\u0142ody Polak w Europie\",\"isPartOf\":{\"@id\":\"https:\/\/polakweuropie.sprjp2.edu.pl\/#website\"},\"datePublished\":\"2016-06-09T07:33:53+00:00\",\"dateModified\":\"2016-06-09T07:34:20+00:00\",\"author\":{\"@id\":\"https:\/\/polakweuropie.sprjp2.edu.pl\/#\/schema\/person\/46e8e4737afeabd93bcd3c9ef960cef4\"},\"breadcrumb\":{\"@id\":\"https:\/\/polakweuropie.sprjp2.edu.pl\/?p=94848#breadcrumb\"},\"inLanguage\":\"pl-PL\",\"potentialAction\":[{\"@type\":\"ReadAction\",\"target\":[\"https:\/\/polakweuropie.sprjp2.edu.pl\/?p=94848\"]}]},{\"@type\":\"BreadcrumbList\",\"@id\":\"https:\/\/polakweuropie.sprjp2.edu.pl\/?p=94848#breadcrumb\",\"itemListElement\":[{\"@type\":\"ListItem\",\"position\":1,\"name\":\"Strona g\u0142\u00f3wna\",\"item\":\"https:\/\/polakweuropie.sprjp2.edu.pl\/\"},{\"@type\":\"ListItem\",\"position\":2,\"name\":\"Wycieczka na zako\u0144czenie IV edycji projektu.\"}]},{\"@type\":\"WebSite\",\"@id\":\"https:\/\/polakweuropie.sprjp2.edu.pl\/#website\",\"url\":\"https:\/\/polakweuropie.sprjp2.edu.pl\/\",\"name\":\"\u201eCudze chwalicie, swego nie znacie...\u201d M\u0142ody Polak w Europie\",\"description\":\"Projekt w Szkole Podstawowej nr 112 Przymierza Rodzin\",\"potentialAction\":[{\"@type\":\"SearchAction\",\"target\":{\"@type\":\"EntryPoint\",\"urlTemplate\":\"https:\/\/polakweuropie.sprjp2.edu.pl\/?s={search_term_string}\"},\"query-input\":\"required name=search_term_string\"}],\"inLanguage\":\"pl-PL\"},{\"@type\":\"Person\",\"@id\":\"https:\/\/polakweuropie.sprjp2.edu.pl\/#\/schema\/person\/46e8e4737afeabd93bcd3c9ef960cef4\",\"name\":\"admin\",\"image\":{\"@type\":\"ImageObject\",\"inLanguage\":\"pl-PL\",\"@id\":\"https:\/\/polakweuropie.sprjp2.edu.pl\/#\/schema\/person\/image\/\",\"url\":\"https:\/\/secure.gravatar.com\/avatar\/9b5a712af31058c65327544bfadfc108?s=96&d=mm&r=g\",\"contentUrl\":\"https:\/\/secure.gravatar.com\/avatar\/9b5a712af31058c65327544bfadfc108?s=96&d=mm&r=g\",\"caption\":\"admin\"},\"url\":\"https:\/\/polakweuropie.sprjp2.edu.pl\/?author=1\"}]}<\/script>\n<!-- \/ Yoast SEO plugin. -->","yoast_head_json":{"title":"Wycieczka na zako\u0144czenie IV edycji projektu. - \u201eCudze chwalicie, swego nie znacie...\u201d M\u0142ody Polak w Europie","robots":{"index":"index","follow":"follow","max-snippet":"max-snippet:-1","max-image-preview":"max-image-preview:large","max-video-preview":"max-video-preview:-1"},"canonical":"https:\/\/polakweuropie.sprjp2.edu.pl\/?p=94848","og_locale":"pl_PL","og_type":"article","og_title":"Wycieczka na zako\u0144czenie IV edycji projektu. - \u201eCudze chwalicie, swego nie znacie...\u201d M\u0142ody Polak w Europie","og_description":"Wycieczka na zako\u0144czenie IV edycji projektu &#8222;Cudze chwalicie, swego nie znacie&#8221;. Tym razem z p. Przemkiem Paskiem z Fundacji Ja Wis\u0142a odkrywali\u015bmy twierdz\u0119 Modlin. Wiemy ju\u017c jak wygl\u0105da i dzia\u0142a mur Carnota, kazamaty, jak ci\u0105gn\u0119\u0142o si\u0119 nudno i niezdrowo \u017cycie rosyjskiego \u017co\u0142nierza, kt\u00f3ry m\u00f3g\u0142 sp\u0119dzi\u0107 20-letni\u0105 s\u0142u\u017cb\u0119 wojskow\u0105 w Modlinie nie przemierzaj\u0105c nawet dziesi\u0105tej cz\u0119\u015bci [&hellip;]","og_url":"https:\/\/polakweuropie.sprjp2.edu.pl\/?p=94848","og_site_name":"\u201eCudze chwalicie, swego nie znacie...\u201d M\u0142ody Polak w Europie","article_published_time":"2016-06-09T07:33:53+00:00","article_modified_time":"2016-06-09T07:34:20+00:00","og_image":[{"url":"http:\/\/polakweuropie.sprjp2.edu.pl\/wp-content\/uploads\/2016\/06\/20160607_110741-169x300.jpg"}],"author":"admin","twitter_card":"summary_large_image","twitter_misc":{"Napisane przez":"admin","Szacowany czas czytania":"1 minuta"},"schema":{"@context":"https:\/\/schema.org","@graph":[{"@type":"WebPage","@id":"https:\/\/polakweuropie.sprjp2.edu.pl\/?p=94848","url":"https:\/\/polakweuropie.sprjp2.edu.pl\/?p=94848","name":"Wycieczka na zako\u0144czenie IV edycji projektu. - \u201eCudze chwalicie, swego nie znacie...\u201d M\u0142ody Polak w Europie","isPartOf":{"@id":"https:\/\/polakweuropie.sprjp2.edu.pl\/#website"},"datePublished":"2016-06-09T07:33:53+00:00","dateModified":"2016-06-09T07:34:20+00:00","author":{"@id":"https:\/\/polakweuropie.sprjp2.edu.pl\/#\/schema\/person\/46e8e4737afeabd93bcd3c9ef960cef4"},"breadcrumb":{"@id":"https:\/\/polakweuropie.sprjp2.edu.pl\/?p=94848#breadcrumb"},"inLanguage":"pl-PL","potentialAction":[{"@type":"ReadAction","target":["https:\/\/polakweuropie.sprjp2.edu.pl\/?p=94848"]}]},{"@type":"BreadcrumbList","@id":"https:\/\/polakweuropie.sprjp2.edu.pl\/?p=94848#breadcrumb","itemListElement":[{"@type":"ListItem","position":1,"name":"Strona g\u0142\u00f3wna","item":"https:\/\/polakweuropie.sprjp2.edu.pl\/"},{"@type":"ListItem","position":2,"name":"Wycieczka na zako\u0144czenie IV edycji projektu."}]},{"@type":"WebSite","@id":"https:\/\/polakweuropie.sprjp2.edu.pl\/#website","url":"https:\/\/polakweuropie.sprjp2.edu.pl\/","name":"\u201eCudze chwalicie, swego nie znacie...\u201d M\u0142ody Polak w Europie","description":"Projekt w Szkole Podstawowej nr 112 Przymierza Rodzin","potentialAction":[{"@type":"SearchAction","target":{"@type":"EntryPoint","urlTemplate":"https:\/\/polakweuropie.sprjp2.edu.pl\/?s={search_term_string}"},"query-input":"required name=search_term_string"}],"inLanguage":"pl-PL"},{"@type":"Person","@id":"https:\/\/polakweuropie.sprjp2.edu.pl\/#\/schema\/person\/46e8e4737afeabd93bcd3c9ef960cef4","name":"admin","image":{"@type":"ImageObject","inLanguage":"pl-PL","@id":"https:\/\/polakweuropie.sprjp2.edu.pl\/#\/schema\/person\/image\/","url":"https:\/\/secure.gravatar.com\/avatar\/9b5a712af31058c65327544bfadfc108?s=96&d=mm&r=g","contentUrl":"https:\/\/secure.gravatar.com\/avatar\/9b5a712af31058c65327544bfadfc108?s=96&d=mm&r=g","caption":"admin"},"url":"https:\/\/polakweuropie.sprjp2.edu.pl\/?author=1"}]}},"_links":{"self":[{"href":"https:\/\/polakweuropie.sprjp2.edu.pl\/index.php?rest_route=\/wp\/v2\/posts\/94848"}],"collection":[{"href":"https:\/\/polakweuropie.sprjp2.edu.pl\/index.php?rest_route=\/wp\/v2\/posts"}],"about":[{"href":"https:\/\/polakweuropie.sprjp2.edu.pl\/index.php?rest_route=\/wp\/v2\/types\/post"}],"author":[{"embeddable":true,"href":"https:\/\/polakweuropie.sprjp2.edu.pl\/index.php?rest_route=\/wp\/v2\/users\/1"}],"replies":[{"embeddable":true,"href":"https:\/\/polakweuropie.sprjp2.edu.pl\/index.php?rest_route=%2Fwp%2Fv2%2Fcomments&post=94848"}],"version-history":[{"count":2,"href":"https:\/\/polakweuropie.sprjp2.edu.pl\/index.php?rest_route=\/wp\/v2\/posts\/94848\/revisions"}],"predecessor-version":[{"id":94862,"href":"https:\/\/polakweuropie.sprjp2.edu.pl\/index.php?rest_route=\/wp\/v2\/posts\/94848\/revisions\/94862"}],"wp:attachment":[{"href":"https:\/\/polakweuropie.sprjp2.edu.pl\/index.php?rest_route=%2Fwp%2Fv2%2Fmedia&parent=94848"}],"wp:term":[{"taxonomy":"category","embeddable":true,"href":"https:\/\/polakweuropie.sprjp2.edu.pl\/index.php?rest_route=%2Fwp%2Fv2%2Fcategories&post=94848"},{"taxonomy":"post_tag","embeddable":true,"href":"https:\/\/polakweuropie.sprjp2.edu.pl\/index.php?rest_route=%2Fwp%2Fv2%2Ftags&post=94848"}],"curies":[{"name":"wp","href":"https:\/\/api.w.org\/{rel}","templated":true}]}}