{"id":9467,"date":"2015-02-05T10:42:39","date_gmt":"2015-02-05T09:42:39","guid":{"rendered":"http:\/\/polakweuropie.sprjp2.edu.pl\/?p=9467"},"modified":"2019-11-20T10:14:27","modified_gmt":"2019-11-20T09:14:27","slug":"prawa-autorskie","status":"publish","type":"post","link":"https:\/\/polakweuropie.sprjp2.edu.pl\/?p=9467","title":{"rendered":"Prawa autorskie"},"content":{"rendered":"<p><strong>\u201eCUDZE CHWALICIE, SWEGO NIE ZNACIE&nbsp; &#8211; czyli polskie dziedzictwo w Europie\u201d<\/strong><\/p>\n<p><strong>Autorkami niniejszego materia\u0142u (w tym koncepcji projektu i zada\u0144) s\u0105 Julita Gredecka i Maria Preibisz-Wala.<\/strong><\/p>\n<p><strong>Zgodnie z ustaw\u0105 z dnia 4 lutego 1994 r. o prawie autorskim i prawach pokrewnych, prawa autorskie zastrze\u017cone. Zabronione jest wykorzystywanie, w szczeg\u00f3lno\u015bci kopiowanie, rozpowszechnianie i odtwarzanie w ca\u0142o\u015bci jak i w cz\u0119\u015bci, niniejszego materia\u0142u bez uprzedniej, wyra\u017anej zgody wyra\u017conej przez tw\u00f3rczynie.<\/strong><\/p>\n<p><strong>Zadania i aktualno\u015bci:<\/strong><br \/>\n<strong><a href=\"http:\/\/polakweuropie.sprjp2.edu.pl\/\">http:\/\/polakweuropie.sprjp2.edu.pl\/<\/a><\/strong><\/p>\n<p style=\"text-align: left;\"><strong>Galeria:<\/strong><br \/>\n<strong><a href=\"http:\/\/polakweuropie.sprjp2.edu.pl\/?cat=5\">http:\/\/polakweuropie.sprjp2.edu.pl\/?cat=5<\/a><\/strong>&nbsp;<\/p>\n<p><strong>Zapraszamy!<\/strong><\/p>\n<p><strong>&nbsp;<\/strong><\/p>\n","protected":false},"excerpt":{"rendered":"<p>\u201eCUDZE CHWALICIE, SWEGO NIE ZNACIE&nbsp; &#8211; czyli polskie dziedzictwo w Europie\u201d Autorkami niniejszego materia\u0142u (w tym koncepcji projektu i zada\u0144) s\u0105 Julita Gredecka i Maria Preibisz-Wala. Zgodnie z ustaw\u0105 z dnia 4 lutego 1994 r. o prawie autorskim i prawach pokrewnych, prawa autorskie zastrze\u017cone. Zabronione jest wykorzystywanie, w szczeg\u00f3lno\u015bci kopiowanie, rozpowszechnianie i odtwarzanie w ca\u0142o\u015bci [&hellip;]<\/p>\n","protected":false},"author":1,"featured_media":0,"comment_status":"open","ping_status":"open","sticky":false,"template":"","format":"standard","meta":{"ngg_post_thumbnail":0,"footnotes":""},"categories":[16],"tags":[],"class_list":["post-9467","post","type-post","status-publish","format-standard","hentry","category-prawa-autorskie"],"yoast_head":"<!-- This site is optimized with the Yoast SEO plugin v20.5 - https:\/\/yoast.com\/wordpress\/plugins\/seo\/ -->\n<title>Prawa autorskie - \u201eCudze chwalicie, swego nie znacie...\u201d M\u0142ody Polak w Europie<\/title>\n<meta name=\"robots\" content=\"index, follow, max-snippet:-1, max-image-preview:large, max-video-preview:-1\" \/>\n<link rel=\"canonical\" href=\"https:\/\/polakweuropie.sprjp2.edu.pl\/?p=9467\" \/>\n<meta property=\"og:locale\" content=\"pl_PL\" \/>\n<meta property=\"og:type\" content=\"article\" \/>\n<meta property=\"og:title\" content=\"Prawa autorskie - \u201eCudze chwalicie, swego nie znacie...\u201d M\u0142ody Polak w Europie\" \/>\n<meta property=\"og:description\" content=\"\u201eCUDZE CHWALICIE, SWEGO NIE ZNACIE&nbsp; &#8211; czyli polskie dziedzictwo w Europie\u201d Autorkami niniejszego materia\u0142u (w tym koncepcji projektu i zada\u0144) s\u0105 Julita Gredecka i Maria Preibisz-Wala. Zgodnie z ustaw\u0105 z dnia 4 lutego 1994 r. o prawie autorskim i prawach pokrewnych, prawa autorskie zastrze\u017cone. Zabronione jest wykorzystywanie, w szczeg\u00f3lno\u015bci kopiowanie, rozpowszechnianie i odtwarzanie w ca\u0142o\u015bci [&hellip;]\" \/>\n<meta property=\"og:url\" content=\"https:\/\/polakweuropie.sprjp2.edu.pl\/?p=9467\" \/>\n<meta property=\"og:site_name\" content=\"\u201eCudze chwalicie, swego nie znacie...\u201d M\u0142ody Polak w Europie\" \/>\n<meta property=\"article:published_time\" content=\"2015-02-05T09:42:39+00:00\" \/>\n<meta property=\"article:modified_time\" content=\"2019-11-20T09:14:27+00:00\" \/>\n<meta name=\"author\" content=\"admin\" \/>\n<meta name=\"twitter:card\" content=\"summary_large_image\" \/>\n<meta name=\"twitter:label1\" content=\"Napisane przez\" \/>\n\t<meta name=\"twitter:data1\" content=\"admin\" \/>\n<script type=\"application\/ld+json\" class=\"yoast-schema-graph\">{\"@context\":\"https:\/\/schema.org\",\"@graph\":[{\"@type\":\"WebPage\",\"@id\":\"https:\/\/polakweuropie.sprjp2.edu.pl\/?p=9467\",\"url\":\"https:\/\/polakweuropie.sprjp2.edu.pl\/?p=9467\",\"name\":\"Prawa autorskie - \u201eCudze chwalicie, swego nie znacie...\u201d M\u0142ody Polak w Europie\",\"isPartOf\":{\"@id\":\"https:\/\/polakweuropie.sprjp2.edu.pl\/#website\"},\"datePublished\":\"2015-02-05T09:42:39+00:00\",\"dateModified\":\"2019-11-20T09:14:27+00:00\",\"author\":{\"@id\":\"https:\/\/polakweuropie.sprjp2.edu.pl\/#\/schema\/person\/46e8e4737afeabd93bcd3c9ef960cef4\"},\"breadcrumb\":{\"@id\":\"https:\/\/polakweuropie.sprjp2.edu.pl\/?p=9467#breadcrumb\"},\"inLanguage\":\"pl-PL\",\"potentialAction\":[{\"@type\":\"ReadAction\",\"target\":[\"https:\/\/polakweuropie.sprjp2.edu.pl\/?p=9467\"]}]},{\"@type\":\"BreadcrumbList\",\"@id\":\"https:\/\/polakweuropie.sprjp2.edu.pl\/?p=9467#breadcrumb\",\"itemListElement\":[{\"@type\":\"ListItem\",\"position\":1,\"name\":\"Strona g\u0142\u00f3wna\",\"item\":\"https:\/\/polakweuropie.sprjp2.edu.pl\/\"},{\"@type\":\"ListItem\",\"position\":2,\"name\":\"Prawa autorskie\"}]},{\"@type\":\"WebSite\",\"@id\":\"https:\/\/polakweuropie.sprjp2.edu.pl\/#website\",\"url\":\"https:\/\/polakweuropie.sprjp2.edu.pl\/\",\"name\":\"\u201eCudze chwalicie, swego nie znacie...\u201d M\u0142ody Polak w Europie\",\"description\":\"Projekt w Szkole Podstawowej nr 112 Przymierza Rodzin\",\"potentialAction\":[{\"@type\":\"SearchAction\",\"target\":{\"@type\":\"EntryPoint\",\"urlTemplate\":\"https:\/\/polakweuropie.sprjp2.edu.pl\/?s={search_term_string}\"},\"query-input\":\"required name=search_term_string\"}],\"inLanguage\":\"pl-PL\"},{\"@type\":\"Person\",\"@id\":\"https:\/\/polakweuropie.sprjp2.edu.pl\/#\/schema\/person\/46e8e4737afeabd93bcd3c9ef960cef4\",\"name\":\"admin\",\"image\":{\"@type\":\"ImageObject\",\"inLanguage\":\"pl-PL\",\"@id\":\"https:\/\/polakweuropie.sprjp2.edu.pl\/#\/schema\/person\/image\/\",\"url\":\"https:\/\/secure.gravatar.com\/avatar\/9b5a712af31058c65327544bfadfc108?s=96&d=mm&r=g\",\"contentUrl\":\"https:\/\/secure.gravatar.com\/avatar\/9b5a712af31058c65327544bfadfc108?s=96&d=mm&r=g\",\"caption\":\"admin\"},\"url\":\"https:\/\/polakweuropie.sprjp2.edu.pl\/?author=1\"}]}<\/script>\n<!-- \/ Yoast SEO plugin. -->","yoast_head_json":{"title":"Prawa autorskie - \u201eCudze chwalicie, swego nie znacie...\u201d M\u0142ody Polak w Europie","robots":{"index":"index","follow":"follow","max-snippet":"max-snippet:-1","max-image-preview":"max-image-preview:large","max-video-preview":"max-video-preview:-1"},"canonical":"https:\/\/polakweuropie.sprjp2.edu.pl\/?p=9467","og_locale":"pl_PL","og_type":"article","og_title":"Prawa autorskie - \u201eCudze chwalicie, swego nie znacie...\u201d M\u0142ody Polak w Europie","og_description":"\u201eCUDZE CHWALICIE, SWEGO NIE ZNACIE&nbsp; &#8211; czyli polskie dziedzictwo w Europie\u201d Autorkami niniejszego materia\u0142u (w tym koncepcji projektu i zada\u0144) s\u0105 Julita Gredecka i Maria Preibisz-Wala. Zgodnie z ustaw\u0105 z dnia 4 lutego 1994 r. o prawie autorskim i prawach pokrewnych, prawa autorskie zastrze\u017cone. Zabronione jest wykorzystywanie, w szczeg\u00f3lno\u015bci kopiowanie, rozpowszechnianie i odtwarzanie w ca\u0142o\u015bci [&hellip;]","og_url":"https:\/\/polakweuropie.sprjp2.edu.pl\/?p=9467","og_site_name":"\u201eCudze chwalicie, swego nie znacie...\u201d M\u0142ody Polak w Europie","article_published_time":"2015-02-05T09:42:39+00:00","article_modified_time":"2019-11-20T09:14:27+00:00","author":"admin","twitter_card":"summary_large_image","twitter_misc":{"Napisane przez":"admin"},"schema":{"@context":"https:\/\/schema.org","@graph":[{"@type":"WebPage","@id":"https:\/\/polakweuropie.sprjp2.edu.pl\/?p=9467","url":"https:\/\/polakweuropie.sprjp2.edu.pl\/?p=9467","name":"Prawa autorskie - \u201eCudze chwalicie, swego nie znacie...\u201d M\u0142ody Polak w Europie","isPartOf":{"@id":"https:\/\/polakweuropie.sprjp2.edu.pl\/#website"},"datePublished":"2015-02-05T09:42:39+00:00","dateModified":"2019-11-20T09:14:27+00:00","author":{"@id":"https:\/\/polakweuropie.sprjp2.edu.pl\/#\/schema\/person\/46e8e4737afeabd93bcd3c9ef960cef4"},"breadcrumb":{"@id":"https:\/\/polakweuropie.sprjp2.edu.pl\/?p=9467#breadcrumb"},"inLanguage":"pl-PL","potentialAction":[{"@type":"ReadAction","target":["https:\/\/polakweuropie.sprjp2.edu.pl\/?p=9467"]}]},{"@type":"BreadcrumbList","@id":"https:\/\/polakweuropie.sprjp2.edu.pl\/?p=9467#breadcrumb","itemListElement":[{"@type":"ListItem","position":1,"name":"Strona g\u0142\u00f3wna","item":"https:\/\/polakweuropie.sprjp2.edu.pl\/"},{"@type":"ListItem","position":2,"name":"Prawa autorskie"}]},{"@type":"WebSite","@id":"https:\/\/polakweuropie.sprjp2.edu.pl\/#website","url":"https:\/\/polakweuropie.sprjp2.edu.pl\/","name":"\u201eCudze chwalicie, swego nie znacie...\u201d M\u0142ody Polak w Europie","description":"Projekt w Szkole Podstawowej nr 112 Przymierza Rodzin","potentialAction":[{"@type":"SearchAction","target":{"@type":"EntryPoint","urlTemplate":"https:\/\/polakweuropie.sprjp2.edu.pl\/?s={search_term_string}"},"query-input":"required name=search_term_string"}],"inLanguage":"pl-PL"},{"@type":"Person","@id":"https:\/\/polakweuropie.sprjp2.edu.pl\/#\/schema\/person\/46e8e4737afeabd93bcd3c9ef960cef4","name":"admin","image":{"@type":"ImageObject","inLanguage":"pl-PL","@id":"https:\/\/polakweuropie.sprjp2.edu.pl\/#\/schema\/person\/image\/","url":"https:\/\/secure.gravatar.com\/avatar\/9b5a712af31058c65327544bfadfc108?s=96&d=mm&r=g","contentUrl":"https:\/\/secure.gravatar.com\/avatar\/9b5a712af31058c65327544bfadfc108?s=96&d=mm&r=g","caption":"admin"},"url":"https:\/\/polakweuropie.sprjp2.edu.pl\/?author=1"}]}},"_links":{"self":[{"href":"https:\/\/polakweuropie.sprjp2.edu.pl\/index.php?rest_route=\/wp\/v2\/posts\/9467"}],"collection":[{"href":"https:\/\/polakweuropie.sprjp2.edu.pl\/index.php?rest_route=\/wp\/v2\/posts"}],"about":[{"href":"https:\/\/polakweuropie.sprjp2.edu.pl\/index.php?rest_route=\/wp\/v2\/types\/post"}],"author":[{"embeddable":true,"href":"https:\/\/polakweuropie.sprjp2.edu.pl\/index.php?rest_route=\/wp\/v2\/users\/1"}],"replies":[{"embeddable":true,"href":"https:\/\/polakweuropie.sprjp2.edu.pl\/index.php?rest_route=%2Fwp%2Fv2%2Fcomments&post=9467"}],"version-history":[{"count":2,"href":"https:\/\/polakweuropie.sprjp2.edu.pl\/index.php?rest_route=\/wp\/v2\/posts\/9467\/revisions"}],"predecessor-version":[{"id":497007,"href":"https:\/\/polakweuropie.sprjp2.edu.pl\/index.php?rest_route=\/wp\/v2\/posts\/9467\/revisions\/497007"}],"wp:attachment":[{"href":"https:\/\/polakweuropie.sprjp2.edu.pl\/index.php?rest_route=%2Fwp%2Fv2%2Fmedia&parent=9467"}],"wp:term":[{"taxonomy":"category","embeddable":true,"href":"https:\/\/polakweuropie.sprjp2.edu.pl\/index.php?rest_route=%2Fwp%2Fv2%2Fcategories&post=9467"},{"taxonomy":"post_tag","embeddable":true,"href":"https:\/\/polakweuropie.sprjp2.edu.pl\/index.php?rest_route=%2Fwp%2Fv2%2Ftags&post=9467"}],"curies":[{"name":"wp","href":"https:\/\/api.w.org\/{rel}","templated":true}]}}