{"id":94092,"date":"2016-06-02T14:51:50","date_gmt":"2016-06-02T12:51:50","guid":{"rendered":"http:\/\/polakweuropie.sprjp2.edu.pl\/?p=94092"},"modified":"2016-06-02T14:51:50","modified_gmt":"2016-06-02T12:51:50","slug":"zwyciezcy-iv-edycji-cudze-chwalicie-swego-nie-znacie","status":"publish","type":"post","link":"https:\/\/polakweuropie.sprjp2.edu.pl\/?p=94092","title":{"rendered":"Zwyci\u0119zcy IV edycji CUDZE CHWALICIE, SWEGO NIE ZNACIE"},"content":{"rendered":"<p>Oto zwyci\u0119zcy IV edycji CUDZE CHWALICIE, SWEGO NIE ZNACIE<\/p>\n<p>Z\u0142ota odznaka <em>M\u0142ody Polak w Europie<\/em>:<\/p>\n<ol>\n<li>Marysia Baudouin de Courtenay<\/li>\n<li>Matylda St\u0119pkowska<\/li>\n<li>Hania Witkowska<\/li>\n<li>Karolina Kruss<\/li>\n<li>Hania Rodzik<\/li>\n<li>Karolina Wolniak<\/li>\n<li>Kuba Dziurzy\u0144ski<\/li>\n<li>Kuba Czycza<\/li>\n<li>Ola Kopyt<\/li>\n<li>Wiktoria Nowak<\/li>\n<\/ol>\n<p>Srebrna odznaka <em>M\u0142ody Polak w Europie<\/em>:<\/p>\n<ol>\n<li>Kajetan G\u00f3ra<\/li>\n<li>Hela Komierowska<\/li>\n<li>Antek Sarata<\/li>\n<li>Marysia Starakiewicz-Zawi\u015blak<\/li>\n<li>Miko\u0142aj Ivanowski<\/li>\n<li>Kinga Kosinska<\/li>\n<li>Franek Ryng<\/li>\n<li>Albert Chmielewski<\/li>\n<li>Sta\u015b Szczepankiewicz<\/li>\n<\/ol>\n<p>Br\u0105zowa odznaka M\u0142ody Polak w Europie:<\/p>\n<ol>\n<li>Franek Smolarek<\/li>\n<li>Wanda Wo\u017cnicka<\/li>\n<li>Emilka Gniewek<\/li>\n<li>Sonia Nycz<\/li>\n<li>Sta\u015b Adamowicz<\/li>\n<li>Bartosz Jemielity<\/li>\n<li>Antek Kowalski<\/li>\n<li>Janek Witkowski<\/li>\n<\/ol>\n<p>&nbsp;<\/p>\n<p>&nbsp;<\/p>\n","protected":false},"excerpt":{"rendered":"<p>Oto zwyci\u0119zcy IV edycji CUDZE CHWALICIE, SWEGO NIE ZNACIE Z\u0142ota odznaka M\u0142ody Polak w Europie: Marysia Baudouin de Courtenay Matylda St\u0119pkowska Hania Witkowska Karolina Kruss Hania Rodzik Karolina Wolniak Kuba Dziurzy\u0144ski Kuba Czycza Ola Kopyt Wiktoria Nowak Srebrna odznaka M\u0142ody Polak w Europie: Kajetan G\u00f3ra Hela Komierowska Antek Sarata Marysia Starakiewicz-Zawi\u015blak Miko\u0142aj Ivanowski Kinga Kosinska [&hellip;]<\/p>\n","protected":false},"author":1,"featured_media":0,"comment_status":"closed","ping_status":"closed","sticky":false,"template":"","format":"standard","meta":{"ngg_post_thumbnail":0,"footnotes":""},"categories":[4],"tags":[],"class_list":["post-94092","post","type-post","status-publish","format-standard","hentry","category-aktualnosci"],"yoast_head":"<!-- This site is optimized with the Yoast SEO plugin v20.5 - https:\/\/yoast.com\/wordpress\/plugins\/seo\/ -->\n<title>Zwyci\u0119zcy IV edycji CUDZE CHWALICIE, SWEGO NIE ZNACIE - \u201eCudze chwalicie, swego nie znacie...\u201d M\u0142ody Polak w Europie<\/title>\n<meta name=\"robots\" content=\"index, follow, max-snippet:-1, max-image-preview:large, max-video-preview:-1\" \/>\n<link rel=\"canonical\" href=\"https:\/\/polakweuropie.sprjp2.edu.pl\/?p=94092\" \/>\n<meta property=\"og:locale\" content=\"pl_PL\" \/>\n<meta property=\"og:type\" content=\"article\" \/>\n<meta property=\"og:title\" content=\"Zwyci\u0119zcy IV edycji CUDZE CHWALICIE, SWEGO NIE ZNACIE - \u201eCudze chwalicie, swego nie znacie...\u201d M\u0142ody Polak w Europie\" \/>\n<meta property=\"og:description\" content=\"Oto zwyci\u0119zcy IV edycji CUDZE CHWALICIE, SWEGO NIE ZNACIE Z\u0142ota odznaka M\u0142ody Polak w Europie: Marysia Baudouin de Courtenay Matylda St\u0119pkowska Hania Witkowska Karolina Kruss Hania Rodzik Karolina Wolniak Kuba Dziurzy\u0144ski Kuba Czycza Ola Kopyt Wiktoria Nowak Srebrna odznaka M\u0142ody Polak w Europie: Kajetan G\u00f3ra Hela Komierowska Antek Sarata Marysia Starakiewicz-Zawi\u015blak Miko\u0142aj Ivanowski Kinga Kosinska [&hellip;]\" \/>\n<meta property=\"og:url\" content=\"https:\/\/polakweuropie.sprjp2.edu.pl\/?p=94092\" \/>\n<meta property=\"og:site_name\" content=\"\u201eCudze chwalicie, swego nie znacie...\u201d M\u0142ody Polak w Europie\" \/>\n<meta property=\"article:published_time\" content=\"2016-06-02T12:51:50+00:00\" \/>\n<meta name=\"author\" content=\"admin\" \/>\n<meta name=\"twitter:card\" content=\"summary_large_image\" \/>\n<meta name=\"twitter:label1\" content=\"Napisane przez\" \/>\n\t<meta name=\"twitter:data1\" content=\"admin\" \/>\n<script type=\"application\/ld+json\" class=\"yoast-schema-graph\">{\"@context\":\"https:\/\/schema.org\",\"@graph\":[{\"@type\":\"WebPage\",\"@id\":\"https:\/\/polakweuropie.sprjp2.edu.pl\/?p=94092\",\"url\":\"https:\/\/polakweuropie.sprjp2.edu.pl\/?p=94092\",\"name\":\"Zwyci\u0119zcy IV edycji CUDZE CHWALICIE, SWEGO NIE ZNACIE - \u201eCudze chwalicie, swego nie znacie...\u201d M\u0142ody Polak w Europie\",\"isPartOf\":{\"@id\":\"https:\/\/polakweuropie.sprjp2.edu.pl\/#website\"},\"datePublished\":\"2016-06-02T12:51:50+00:00\",\"dateModified\":\"2016-06-02T12:51:50+00:00\",\"author\":{\"@id\":\"https:\/\/polakweuropie.sprjp2.edu.pl\/#\/schema\/person\/46e8e4737afeabd93bcd3c9ef960cef4\"},\"breadcrumb\":{\"@id\":\"https:\/\/polakweuropie.sprjp2.edu.pl\/?p=94092#breadcrumb\"},\"inLanguage\":\"pl-PL\",\"potentialAction\":[{\"@type\":\"ReadAction\",\"target\":[\"https:\/\/polakweuropie.sprjp2.edu.pl\/?p=94092\"]}]},{\"@type\":\"BreadcrumbList\",\"@id\":\"https:\/\/polakweuropie.sprjp2.edu.pl\/?p=94092#breadcrumb\",\"itemListElement\":[{\"@type\":\"ListItem\",\"position\":1,\"name\":\"Strona g\u0142\u00f3wna\",\"item\":\"https:\/\/polakweuropie.sprjp2.edu.pl\/\"},{\"@type\":\"ListItem\",\"position\":2,\"name\":\"Zwyci\u0119zcy IV edycji CUDZE CHWALICIE, SWEGO NIE ZNACIE\"}]},{\"@type\":\"WebSite\",\"@id\":\"https:\/\/polakweuropie.sprjp2.edu.pl\/#website\",\"url\":\"https:\/\/polakweuropie.sprjp2.edu.pl\/\",\"name\":\"\u201eCudze chwalicie, swego nie znacie...\u201d M\u0142ody Polak w Europie\",\"description\":\"Projekt w Szkole Podstawowej nr 112 Przymierza Rodzin\",\"potentialAction\":[{\"@type\":\"SearchAction\",\"target\":{\"@type\":\"EntryPoint\",\"urlTemplate\":\"https:\/\/polakweuropie.sprjp2.edu.pl\/?s={search_term_string}\"},\"query-input\":\"required name=search_term_string\"}],\"inLanguage\":\"pl-PL\"},{\"@type\":\"Person\",\"@id\":\"https:\/\/polakweuropie.sprjp2.edu.pl\/#\/schema\/person\/46e8e4737afeabd93bcd3c9ef960cef4\",\"name\":\"admin\",\"image\":{\"@type\":\"ImageObject\",\"inLanguage\":\"pl-PL\",\"@id\":\"https:\/\/polakweuropie.sprjp2.edu.pl\/#\/schema\/person\/image\/\",\"url\":\"https:\/\/secure.gravatar.com\/avatar\/9b5a712af31058c65327544bfadfc108?s=96&d=mm&r=g\",\"contentUrl\":\"https:\/\/secure.gravatar.com\/avatar\/9b5a712af31058c65327544bfadfc108?s=96&d=mm&r=g\",\"caption\":\"admin\"},\"url\":\"https:\/\/polakweuropie.sprjp2.edu.pl\/?author=1\"}]}<\/script>\n<!-- \/ Yoast SEO plugin. -->","yoast_head_json":{"title":"Zwyci\u0119zcy IV edycji CUDZE CHWALICIE, SWEGO NIE ZNACIE - \u201eCudze chwalicie, swego nie znacie...\u201d M\u0142ody Polak w Europie","robots":{"index":"index","follow":"follow","max-snippet":"max-snippet:-1","max-image-preview":"max-image-preview:large","max-video-preview":"max-video-preview:-1"},"canonical":"https:\/\/polakweuropie.sprjp2.edu.pl\/?p=94092","og_locale":"pl_PL","og_type":"article","og_title":"Zwyci\u0119zcy IV edycji CUDZE CHWALICIE, SWEGO NIE ZNACIE - \u201eCudze chwalicie, swego nie znacie...\u201d M\u0142ody Polak w Europie","og_description":"Oto zwyci\u0119zcy IV edycji CUDZE CHWALICIE, SWEGO NIE ZNACIE Z\u0142ota odznaka M\u0142ody Polak w Europie: Marysia Baudouin de Courtenay Matylda St\u0119pkowska Hania Witkowska Karolina Kruss Hania Rodzik Karolina Wolniak Kuba Dziurzy\u0144ski Kuba Czycza Ola Kopyt Wiktoria Nowak Srebrna odznaka M\u0142ody Polak w Europie: Kajetan G\u00f3ra Hela Komierowska Antek Sarata Marysia Starakiewicz-Zawi\u015blak Miko\u0142aj Ivanowski Kinga Kosinska [&hellip;]","og_url":"https:\/\/polakweuropie.sprjp2.edu.pl\/?p=94092","og_site_name":"\u201eCudze chwalicie, swego nie znacie...\u201d M\u0142ody Polak w Europie","article_published_time":"2016-06-02T12:51:50+00:00","author":"admin","twitter_card":"summary_large_image","twitter_misc":{"Napisane przez":"admin"},"schema":{"@context":"https:\/\/schema.org","@graph":[{"@type":"WebPage","@id":"https:\/\/polakweuropie.sprjp2.edu.pl\/?p=94092","url":"https:\/\/polakweuropie.sprjp2.edu.pl\/?p=94092","name":"Zwyci\u0119zcy IV edycji CUDZE CHWALICIE, SWEGO NIE ZNACIE - \u201eCudze chwalicie, swego nie znacie...\u201d M\u0142ody Polak w Europie","isPartOf":{"@id":"https:\/\/polakweuropie.sprjp2.edu.pl\/#website"},"datePublished":"2016-06-02T12:51:50+00:00","dateModified":"2016-06-02T12:51:50+00:00","author":{"@id":"https:\/\/polakweuropie.sprjp2.edu.pl\/#\/schema\/person\/46e8e4737afeabd93bcd3c9ef960cef4"},"breadcrumb":{"@id":"https:\/\/polakweuropie.sprjp2.edu.pl\/?p=94092#breadcrumb"},"inLanguage":"pl-PL","potentialAction":[{"@type":"ReadAction","target":["https:\/\/polakweuropie.sprjp2.edu.pl\/?p=94092"]}]},{"@type":"BreadcrumbList","@id":"https:\/\/polakweuropie.sprjp2.edu.pl\/?p=94092#breadcrumb","itemListElement":[{"@type":"ListItem","position":1,"name":"Strona g\u0142\u00f3wna","item":"https:\/\/polakweuropie.sprjp2.edu.pl\/"},{"@type":"ListItem","position":2,"name":"Zwyci\u0119zcy IV edycji CUDZE CHWALICIE, SWEGO NIE ZNACIE"}]},{"@type":"WebSite","@id":"https:\/\/polakweuropie.sprjp2.edu.pl\/#website","url":"https:\/\/polakweuropie.sprjp2.edu.pl\/","name":"\u201eCudze chwalicie, swego nie znacie...\u201d M\u0142ody Polak w Europie","description":"Projekt w Szkole Podstawowej nr 112 Przymierza Rodzin","potentialAction":[{"@type":"SearchAction","target":{"@type":"EntryPoint","urlTemplate":"https:\/\/polakweuropie.sprjp2.edu.pl\/?s={search_term_string}"},"query-input":"required name=search_term_string"}],"inLanguage":"pl-PL"},{"@type":"Person","@id":"https:\/\/polakweuropie.sprjp2.edu.pl\/#\/schema\/person\/46e8e4737afeabd93bcd3c9ef960cef4","name":"admin","image":{"@type":"ImageObject","inLanguage":"pl-PL","@id":"https:\/\/polakweuropie.sprjp2.edu.pl\/#\/schema\/person\/image\/","url":"https:\/\/secure.gravatar.com\/avatar\/9b5a712af31058c65327544bfadfc108?s=96&d=mm&r=g","contentUrl":"https:\/\/secure.gravatar.com\/avatar\/9b5a712af31058c65327544bfadfc108?s=96&d=mm&r=g","caption":"admin"},"url":"https:\/\/polakweuropie.sprjp2.edu.pl\/?author=1"}]}},"_links":{"self":[{"href":"https:\/\/polakweuropie.sprjp2.edu.pl\/index.php?rest_route=\/wp\/v2\/posts\/94092"}],"collection":[{"href":"https:\/\/polakweuropie.sprjp2.edu.pl\/index.php?rest_route=\/wp\/v2\/posts"}],"about":[{"href":"https:\/\/polakweuropie.sprjp2.edu.pl\/index.php?rest_route=\/wp\/v2\/types\/post"}],"author":[{"embeddable":true,"href":"https:\/\/polakweuropie.sprjp2.edu.pl\/index.php?rest_route=\/wp\/v2\/users\/1"}],"replies":[{"embeddable":true,"href":"https:\/\/polakweuropie.sprjp2.edu.pl\/index.php?rest_route=%2Fwp%2Fv2%2Fcomments&post=94092"}],"version-history":[{"count":1,"href":"https:\/\/polakweuropie.sprjp2.edu.pl\/index.php?rest_route=\/wp\/v2\/posts\/94092\/revisions"}],"predecessor-version":[{"id":94093,"href":"https:\/\/polakweuropie.sprjp2.edu.pl\/index.php?rest_route=\/wp\/v2\/posts\/94092\/revisions\/94093"}],"wp:attachment":[{"href":"https:\/\/polakweuropie.sprjp2.edu.pl\/index.php?rest_route=%2Fwp%2Fv2%2Fmedia&parent=94092"}],"wp:term":[{"taxonomy":"category","embeddable":true,"href":"https:\/\/polakweuropie.sprjp2.edu.pl\/index.php?rest_route=%2Fwp%2Fv2%2Fcategories&post=94092"},{"taxonomy":"post_tag","embeddable":true,"href":"https:\/\/polakweuropie.sprjp2.edu.pl\/index.php?rest_route=%2Fwp%2Fv2%2Ftags&post=94092"}],"curies":[{"name":"wp","href":"https:\/\/api.w.org\/{rel}","templated":true}]}}