{"id":881,"date":"2014-11-14T12:26:02","date_gmt":"2014-11-14T11:26:02","guid":{"rendered":"http:\/\/polakweuropie.sprjp2.edu.pl\/?p=881"},"modified":"2014-12-16T14:16:45","modified_gmt":"2014-12-16T13:16:45","slug":"galeria-zdjec-malopolska-2","status":"publish","type":"post","link":"https:\/\/polakweuropie.sprjp2.edu.pl\/?p=881","title":{"rendered":"Galeria zdj\u0119\u0107 &#8211; Ma\u0142opolska"},"content":{"rendered":"<p><!-- default-view.php -->\n<div\n\tclass=\"ngg-galleryoverview default-view  ngg-ajax-pagination-none\"\n\tid=\"ngg-gallery-4246-1\">\n\n\t\t<!-- Thumbnails -->\n\t\t\t\t<div id=\"ngg-image-0\" class=\"ngg-gallery-thumbnail-box \" >\n\t\t\t\t        <div class=\"ngg-gallery-thumbnail\">\n            <a href=\"https:\/\/polakweuropie.sprjp2.edu.pl\/wp-content\/gallery\/galeria-malopolska-201411\/P1100085.JPG\"\n               title=\"\"\n               data-src=\"https:\/\/polakweuropie.sprjp2.edu.pl\/wp-content\/gallery\/galeria-malopolska-201411\/P1100085.JPG\"\n               data-thumbnail=\"https:\/\/polakweuropie.sprjp2.edu.pl\/wp-content\/gallery\/galeria-malopolska-201411\/thumbs\/thumbs_P1100085.JPG\"\n               data-image-id=\"276\"\n               data-title=\"P1100085\"\n               data-description=\"\"\n               data-image-slug=\"p1100085\"\n               class=\"ngg-fancybox\" rel=\"4246\">\n                <img\n                    title=\"P1100085\"\n                    alt=\"P1100085\"\n                    src=\"https:\/\/polakweuropie.sprjp2.edu.pl\/wp-content\/gallery\/galeria-malopolska-201411\/thumbs\/thumbs_P1100085.JPG\"\n                    width=\"120\"\n                    height=\"90\"\n                    style=\"max-width:100%;\"\n                \/>\n            <\/a>\n        <\/div>\n\t\t\t\t\t\t\t<\/div> \n\t\t\t\n\t\t\t\t<div id=\"ngg-image-1\" class=\"ngg-gallery-thumbnail-box \" >\n\t\t\t\t        <div class=\"ngg-gallery-thumbnail\">\n            <a href=\"https:\/\/polakweuropie.sprjp2.edu.pl\/wp-content\/gallery\/galeria-malopolska-201411\/20141114_125758.jpg\"\n               title=\"\"\n               data-src=\"https:\/\/polakweuropie.sprjp2.edu.pl\/wp-content\/gallery\/galeria-malopolska-201411\/20141114_125758.jpg\"\n               data-thumbnail=\"https:\/\/polakweuropie.sprjp2.edu.pl\/wp-content\/gallery\/galeria-malopolska-201411\/thumbs\/thumbs_20141114_125758.jpg\"\n               data-image-id=\"308\"\n               data-title=\"20141114_125758\"\n               data-description=\"\"\n               data-image-slug=\"20141114_125758\"\n               class=\"ngg-fancybox\" rel=\"4246\">\n                <img\n                    title=\"20141114_125758\"\n                    alt=\"20141114_125758\"\n                    src=\"https:\/\/polakweuropie.sprjp2.edu.pl\/wp-content\/gallery\/galeria-malopolska-201411\/thumbs\/thumbs_20141114_125758.jpg\"\n                    width=\"120\"\n                    height=\"90\"\n                    style=\"max-width:100%;\"\n                \/>\n            <\/a>\n        <\/div>\n\t\t\t\t\t\t\t<\/div> \n\t\t\t\n\t\t\t\t<div id=\"ngg-image-2\" class=\"ngg-gallery-thumbnail-box \" >\n\t\t\t\t        <div class=\"ngg-gallery-thumbnail\">\n            <a href=\"https:\/\/polakweuropie.sprjp2.edu.pl\/wp-content\/gallery\/galeria-malopolska-201411\/P1100075.JPG\"\n               title=\"\"\n               data-src=\"https:\/\/polakweuropie.sprjp2.edu.pl\/wp-content\/gallery\/galeria-malopolska-201411\/P1100075.JPG\"\n               data-thumbnail=\"https:\/\/polakweuropie.sprjp2.edu.pl\/wp-content\/gallery\/galeria-malopolska-201411\/thumbs\/thumbs_P1100075.JPG\"\n               data-image-id=\"267\"\n               data-title=\"P1100075\"\n               data-description=\"\"\n               data-image-slug=\"p1100075\"\n               class=\"ngg-fancybox\" rel=\"4246\">\n                <img\n                    title=\"P1100075\"\n                    alt=\"P1100075\"\n                    src=\"https:\/\/polakweuropie.sprjp2.edu.pl\/wp-content\/gallery\/galeria-malopolska-201411\/thumbs\/thumbs_P1100075.JPG\"\n                    width=\"120\"\n                    height=\"90\"\n                    style=\"max-width:100%;\"\n                \/>\n            <\/a>\n        <\/div>\n\t\t\t\t\t\t\t<\/div> \n\t\t\t\n\t\t\t\t<div id=\"ngg-image-3\" class=\"ngg-gallery-thumbnail-box \" >\n\t\t\t\t        <div class=\"ngg-gallery-thumbnail\">\n            <a href=\"https:\/\/polakweuropie.sprjp2.edu.pl\/wp-content\/gallery\/galeria-malopolska-201411\/P1100084.JPG\"\n               title=\"\"\n               data-src=\"https:\/\/polakweuropie.sprjp2.edu.pl\/wp-content\/gallery\/galeria-malopolska-201411\/P1100084.JPG\"\n               data-thumbnail=\"https:\/\/polakweuropie.sprjp2.edu.pl\/wp-content\/gallery\/galeria-malopolska-201411\/thumbs\/thumbs_P1100084.JPG\"\n               data-image-id=\"275\"\n               data-title=\"P1100084\"\n               data-description=\"\"\n               data-image-slug=\"p1100084\"\n               class=\"ngg-fancybox\" rel=\"4246\">\n                <img\n                    title=\"P1100084\"\n                    alt=\"P1100084\"\n                    src=\"https:\/\/polakweuropie.sprjp2.edu.pl\/wp-content\/gallery\/galeria-malopolska-201411\/thumbs\/thumbs_P1100084.JPG\"\n                    width=\"120\"\n                    height=\"90\"\n                    style=\"max-width:100%;\"\n                \/>\n            <\/a>\n        <\/div>\n\t\t\t\t\t\t\t<\/div> \n\t\t\t\n\t\t\t\t<div id=\"ngg-image-4\" class=\"ngg-gallery-thumbnail-box \" >\n\t\t\t\t        <div class=\"ngg-gallery-thumbnail\">\n            <a href=\"https:\/\/polakweuropie.sprjp2.edu.pl\/wp-content\/gallery\/galeria-malopolska-201411\/20141114_125711.jpg\"\n               title=\"\"\n               data-src=\"https:\/\/polakweuropie.sprjp2.edu.pl\/wp-content\/gallery\/galeria-malopolska-201411\/20141114_125711.jpg\"\n               data-thumbnail=\"https:\/\/polakweuropie.sprjp2.edu.pl\/wp-content\/gallery\/galeria-malopolska-201411\/thumbs\/thumbs_20141114_125711.jpg\"\n               data-image-id=\"299\"\n               data-title=\"20141114_125711\"\n               data-description=\"\"\n               data-image-slug=\"20141114_125711-1\"\n               class=\"ngg-fancybox\" rel=\"4246\">\n                <img\n                    title=\"20141114_125711\"\n                    alt=\"20141114_125711\"\n                    src=\"https:\/\/polakweuropie.sprjp2.edu.pl\/wp-content\/gallery\/galeria-malopolska-201411\/thumbs\/thumbs_20141114_125711.jpg\"\n                    width=\"120\"\n                    height=\"90\"\n                    style=\"max-width:100%;\"\n                \/>\n            <\/a>\n        <\/div>\n\t\t\t\t\t\t\t<\/div> \n\t\t\t\n\t\t\t\t<div id=\"ngg-image-5\" class=\"ngg-gallery-thumbnail-box \" >\n\t\t\t\t        <div class=\"ngg-gallery-thumbnail\">\n            <a href=\"https:\/\/polakweuropie.sprjp2.edu.pl\/wp-content\/gallery\/galeria-malopolska-201411\/20141114_125842.jpg\"\n               title=\"\"\n               data-src=\"https:\/\/polakweuropie.sprjp2.edu.pl\/wp-content\/gallery\/galeria-malopolska-201411\/20141114_125842.jpg\"\n               data-thumbnail=\"https:\/\/polakweuropie.sprjp2.edu.pl\/wp-content\/gallery\/galeria-malopolska-201411\/thumbs\/thumbs_20141114_125842.jpg\"\n               data-image-id=\"315\"\n               data-title=\"20141114_125842\"\n               data-description=\"\"\n               data-image-slug=\"20141114_125842\"\n               class=\"ngg-fancybox\" rel=\"4246\">\n                <img\n                    title=\"20141114_125842\"\n                    alt=\"20141114_125842\"\n                    src=\"https:\/\/polakweuropie.sprjp2.edu.pl\/wp-content\/gallery\/galeria-malopolska-201411\/thumbs\/thumbs_20141114_125842.jpg\"\n                    width=\"120\"\n                    height=\"90\"\n                    style=\"max-width:100%;\"\n                \/>\n            <\/a>\n        <\/div>\n\t\t\t\t\t\t\t<\/div> \n\t\t\t\n\t\t\t\t<div id=\"ngg-image-6\" class=\"ngg-gallery-thumbnail-box \" >\n\t\t\t\t        <div class=\"ngg-gallery-thumbnail\">\n            <a href=\"https:\/\/polakweuropie.sprjp2.edu.pl\/wp-content\/gallery\/galeria-malopolska-201411\/P1100060.JPG\"\n               title=\"\"\n               data-src=\"https:\/\/polakweuropie.sprjp2.edu.pl\/wp-content\/gallery\/galeria-malopolska-201411\/P1100060.JPG\"\n               data-thumbnail=\"https:\/\/polakweuropie.sprjp2.edu.pl\/wp-content\/gallery\/galeria-malopolska-201411\/thumbs\/thumbs_P1100060.JPG\"\n               data-image-id=\"252\"\n               data-title=\"P1100060\"\n               data-description=\"\"\n               data-image-slug=\"p1100060\"\n               class=\"ngg-fancybox\" rel=\"4246\">\n                <img\n                    title=\"P1100060\"\n                    alt=\"P1100060\"\n                    src=\"https:\/\/polakweuropie.sprjp2.edu.pl\/wp-content\/gallery\/galeria-malopolska-201411\/thumbs\/thumbs_P1100060.JPG\"\n                    width=\"120\"\n                    height=\"90\"\n                    style=\"max-width:100%;\"\n                \/>\n            <\/a>\n        <\/div>\n\t\t\t\t\t\t\t<\/div> \n\t\t\t\n\t\t\t\t<div id=\"ngg-image-7\" class=\"ngg-gallery-thumbnail-box \" >\n\t\t\t\t        <div class=\"ngg-gallery-thumbnail\">\n            <a href=\"https:\/\/polakweuropie.sprjp2.edu.pl\/wp-content\/gallery\/galeria-malopolska-201411\/P1100059.JPG\"\n               title=\"\"\n               data-src=\"https:\/\/polakweuropie.sprjp2.edu.pl\/wp-content\/gallery\/galeria-malopolska-201411\/P1100059.JPG\"\n               data-thumbnail=\"https:\/\/polakweuropie.sprjp2.edu.pl\/wp-content\/gallery\/galeria-malopolska-201411\/thumbs\/thumbs_P1100059.JPG\"\n               data-image-id=\"251\"\n               data-title=\"P1100059\"\n               data-description=\"\"\n               data-image-slug=\"p1100059\"\n               class=\"ngg-fancybox\" rel=\"4246\">\n                <img\n                    title=\"P1100059\"\n                    alt=\"P1100059\"\n                    src=\"https:\/\/polakweuropie.sprjp2.edu.pl\/wp-content\/gallery\/galeria-malopolska-201411\/thumbs\/thumbs_P1100059.JPG\"\n                    width=\"120\"\n                    height=\"90\"\n                    style=\"max-width:100%;\"\n                \/>\n            <\/a>\n        <\/div>\n\t\t\t\t\t\t\t<\/div> \n\t\t\t\n\t\t\t\t<div id=\"ngg-image-8\" class=\"ngg-gallery-thumbnail-box \" >\n\t\t\t\t        <div class=\"ngg-gallery-thumbnail\">\n            <a href=\"https:\/\/polakweuropie.sprjp2.edu.pl\/wp-content\/gallery\/galeria-malopolska-201411\/P1100067.JPG\"\n               title=\"\"\n               data-src=\"https:\/\/polakweuropie.sprjp2.edu.pl\/wp-content\/gallery\/galeria-malopolska-201411\/P1100067.JPG\"\n               data-thumbnail=\"https:\/\/polakweuropie.sprjp2.edu.pl\/wp-content\/gallery\/galeria-malopolska-201411\/thumbs\/thumbs_P1100067.JPG\"\n               data-image-id=\"259\"\n               data-title=\"P1100067\"\n               data-description=\"\"\n               data-image-slug=\"p1100067\"\n               class=\"ngg-fancybox\" rel=\"4246\">\n                <img\n                    title=\"P1100067\"\n                    alt=\"P1100067\"\n                    src=\"https:\/\/polakweuropie.sprjp2.edu.pl\/wp-content\/gallery\/galeria-malopolska-201411\/thumbs\/thumbs_P1100067.JPG\"\n                    width=\"120\"\n                    height=\"90\"\n                    style=\"max-width:100%;\"\n                \/>\n            <\/a>\n        <\/div>\n\t\t\t\t\t\t\t<\/div> \n\t\t\t\n\t\t\t\t<div id=\"ngg-image-9\" class=\"ngg-gallery-thumbnail-box \" >\n\t\t\t\t        <div class=\"ngg-gallery-thumbnail\">\n            <a href=\"https:\/\/polakweuropie.sprjp2.edu.pl\/wp-content\/gallery\/galeria-malopolska-201411\/P1100093.JPG\"\n               title=\"\"\n               data-src=\"https:\/\/polakweuropie.sprjp2.edu.pl\/wp-content\/gallery\/galeria-malopolska-201411\/P1100093.JPG\"\n               data-thumbnail=\"https:\/\/polakweuropie.sprjp2.edu.pl\/wp-content\/gallery\/galeria-malopolska-201411\/thumbs\/thumbs_P1100093.JPG\"\n               data-image-id=\"284\"\n               data-title=\"P1100093\"\n               data-description=\"\"\n               data-image-slug=\"p1100093\"\n               class=\"ngg-fancybox\" rel=\"4246\">\n                <img\n                    title=\"P1100093\"\n                    alt=\"P1100093\"\n                    src=\"https:\/\/polakweuropie.sprjp2.edu.pl\/wp-content\/gallery\/galeria-malopolska-201411\/thumbs\/thumbs_P1100093.JPG\"\n                    width=\"120\"\n                    height=\"90\"\n                    style=\"max-width:100%;\"\n                \/>\n            <\/a>\n        <\/div>\n\t\t\t\t\t\t\t<\/div> \n\t\t\t\n\t\t\t\t<div id=\"ngg-image-10\" class=\"ngg-gallery-thumbnail-box \" >\n\t\t\t\t        <div class=\"ngg-gallery-thumbnail\">\n            <a href=\"https:\/\/polakweuropie.sprjp2.edu.pl\/wp-content\/gallery\/galeria-malopolska-201411\/P1100076.JPG\"\n               title=\"\"\n               data-src=\"https:\/\/polakweuropie.sprjp2.edu.pl\/wp-content\/gallery\/galeria-malopolska-201411\/P1100076.JPG\"\n               data-thumbnail=\"https:\/\/polakweuropie.sprjp2.edu.pl\/wp-content\/gallery\/galeria-malopolska-201411\/thumbs\/thumbs_P1100076.JPG\"\n               data-image-id=\"268\"\n               data-title=\"P1100076\"\n               data-description=\"\"\n               data-image-slug=\"p1100076\"\n               class=\"ngg-fancybox\" rel=\"4246\">\n                <img\n                    title=\"P1100076\"\n                    alt=\"P1100076\"\n                    src=\"https:\/\/polakweuropie.sprjp2.edu.pl\/wp-content\/gallery\/galeria-malopolska-201411\/thumbs\/thumbs_P1100076.JPG\"\n                    width=\"120\"\n                    height=\"90\"\n                    style=\"max-width:100%;\"\n                \/>\n            <\/a>\n        <\/div>\n\t\t\t\t\t\t\t<\/div> \n\t\t\t\n\t\t\t\t<div id=\"ngg-image-11\" class=\"ngg-gallery-thumbnail-box \" >\n\t\t\t\t        <div class=\"ngg-gallery-thumbnail\">\n            <a href=\"https:\/\/polakweuropie.sprjp2.edu.pl\/wp-content\/gallery\/galeria-malopolska-201411\/20141114_125930.jpg\"\n               title=\"\"\n               data-src=\"https:\/\/polakweuropie.sprjp2.edu.pl\/wp-content\/gallery\/galeria-malopolska-201411\/20141114_125930.jpg\"\n               data-thumbnail=\"https:\/\/polakweuropie.sprjp2.edu.pl\/wp-content\/gallery\/galeria-malopolska-201411\/thumbs\/thumbs_20141114_125930.jpg\"\n               data-image-id=\"321\"\n               data-title=\"20141114_125930\"\n               data-description=\"\"\n               data-image-slug=\"20141114_125930\"\n               class=\"ngg-fancybox\" rel=\"4246\">\n                <img\n                    title=\"20141114_125930\"\n                    alt=\"20141114_125930\"\n                    src=\"https:\/\/polakweuropie.sprjp2.edu.pl\/wp-content\/gallery\/galeria-malopolska-201411\/thumbs\/thumbs_20141114_125930.jpg\"\n                    width=\"120\"\n                    height=\"90\"\n                    style=\"max-width:100%;\"\n                \/>\n            <\/a>\n        <\/div>\n\t\t\t\t\t\t\t<\/div> \n\t\t\t\n\t\t\t\t<div id=\"ngg-image-12\" class=\"ngg-gallery-thumbnail-box \" >\n\t\t\t\t        <div class=\"ngg-gallery-thumbnail\">\n            <a href=\"https:\/\/polakweuropie.sprjp2.edu.pl\/wp-content\/gallery\/galeria-malopolska-201411\/20141114_125532.jpg\"\n               title=\"\"\n               data-src=\"https:\/\/polakweuropie.sprjp2.edu.pl\/wp-content\/gallery\/galeria-malopolska-201411\/20141114_125532.jpg\"\n               data-thumbnail=\"https:\/\/polakweuropie.sprjp2.edu.pl\/wp-content\/gallery\/galeria-malopolska-201411\/thumbs\/thumbs_20141114_125532.jpg\"\n               data-image-id=\"291\"\n               data-title=\"20141114_125532\"\n               data-description=\"\"\n               data-image-slug=\"20141114_125532-1\"\n               class=\"ngg-fancybox\" rel=\"4246\">\n                <img\n                    title=\"20141114_125532\"\n                    alt=\"20141114_125532\"\n                    src=\"https:\/\/polakweuropie.sprjp2.edu.pl\/wp-content\/gallery\/galeria-malopolska-201411\/thumbs\/thumbs_20141114_125532.jpg\"\n                    width=\"120\"\n                    height=\"90\"\n                    style=\"max-width:100%;\"\n                \/>\n            <\/a>\n        <\/div>\n\t\t\t\t\t\t\t<\/div> \n\t\t\t\n\t\t\t\t<div id=\"ngg-image-13\" class=\"ngg-gallery-thumbnail-box \" >\n\t\t\t\t        <div class=\"ngg-gallery-thumbnail\">\n            <a href=\"https:\/\/polakweuropie.sprjp2.edu.pl\/wp-content\/gallery\/galeria-malopolska-201411\/20141114_125850.jpg\"\n               title=\"\"\n               data-src=\"https:\/\/polakweuropie.sprjp2.edu.pl\/wp-content\/gallery\/galeria-malopolska-201411\/20141114_125850.jpg\"\n               data-thumbnail=\"https:\/\/polakweuropie.sprjp2.edu.pl\/wp-content\/gallery\/galeria-malopolska-201411\/thumbs\/thumbs_20141114_125850.jpg\"\n               data-image-id=\"316\"\n               data-title=\"20141114_125850\"\n               data-description=\"\"\n               data-image-slug=\"20141114_125850\"\n               class=\"ngg-fancybox\" rel=\"4246\">\n                <img\n                    title=\"20141114_125850\"\n                    alt=\"20141114_125850\"\n                    src=\"https:\/\/polakweuropie.sprjp2.edu.pl\/wp-content\/gallery\/galeria-malopolska-201411\/thumbs\/thumbs_20141114_125850.jpg\"\n                    width=\"120\"\n                    height=\"90\"\n                    style=\"max-width:100%;\"\n                \/>\n            <\/a>\n        <\/div>\n\t\t\t\t\t\t\t<\/div> \n\t\t\t\n\t\t\t\t<div id=\"ngg-image-14\" class=\"ngg-gallery-thumbnail-box \" >\n\t\t\t\t        <div class=\"ngg-gallery-thumbnail\">\n            <a href=\"https:\/\/polakweuropie.sprjp2.edu.pl\/wp-content\/gallery\/galeria-malopolska-201411\/P1100052.JPG\"\n               title=\"\"\n               data-src=\"https:\/\/polakweuropie.sprjp2.edu.pl\/wp-content\/gallery\/galeria-malopolska-201411\/P1100052.JPG\"\n               data-thumbnail=\"https:\/\/polakweuropie.sprjp2.edu.pl\/wp-content\/gallery\/galeria-malopolska-201411\/thumbs\/thumbs_P1100052.JPG\"\n               data-image-id=\"244\"\n               data-title=\"P1100052\"\n               data-description=\"\"\n               data-image-slug=\"p1100052\"\n               class=\"ngg-fancybox\" rel=\"4246\">\n                <img\n                    title=\"P1100052\"\n                    alt=\"P1100052\"\n                    src=\"https:\/\/polakweuropie.sprjp2.edu.pl\/wp-content\/gallery\/galeria-malopolska-201411\/thumbs\/thumbs_P1100052.JPG\"\n                    width=\"120\"\n                    height=\"90\"\n                    style=\"max-width:100%;\"\n                \/>\n            <\/a>\n        <\/div>\n\t\t\t\t\t\t\t<\/div> \n\t\t\t\n\t\t\t\t<div id=\"ngg-image-15\" class=\"ngg-gallery-thumbnail-box \" >\n\t\t\t\t        <div class=\"ngg-gallery-thumbnail\">\n            <a href=\"https:\/\/polakweuropie.sprjp2.edu.pl\/wp-content\/gallery\/galeria-malopolska-201411\/P1100051.JPG\"\n               title=\"\"\n               data-src=\"https:\/\/polakweuropie.sprjp2.edu.pl\/wp-content\/gallery\/galeria-malopolska-201411\/P1100051.JPG\"\n               data-thumbnail=\"https:\/\/polakweuropie.sprjp2.edu.pl\/wp-content\/gallery\/galeria-malopolska-201411\/thumbs\/thumbs_P1100051.JPG\"\n               data-image-id=\"243\"\n               data-title=\"P1100051\"\n               data-description=\"\"\n               data-image-slug=\"p1100051\"\n               class=\"ngg-fancybox\" rel=\"4246\">\n                <img\n                    title=\"P1100051\"\n                    alt=\"P1100051\"\n                    src=\"https:\/\/polakweuropie.sprjp2.edu.pl\/wp-content\/gallery\/galeria-malopolska-201411\/thumbs\/thumbs_P1100051.JPG\"\n                    width=\"120\"\n                    height=\"90\"\n                    style=\"max-width:100%;\"\n                \/>\n            <\/a>\n        <\/div>\n\t\t\t\t\t\t\t<\/div> \n\t\t\t\n\t\t\t\t<div id=\"ngg-image-16\" class=\"ngg-gallery-thumbnail-box \" >\n\t\t\t\t        <div class=\"ngg-gallery-thumbnail\">\n            <a href=\"https:\/\/polakweuropie.sprjp2.edu.pl\/wp-content\/gallery\/galeria-malopolska-201411\/P1100068.JPG\"\n               title=\"\"\n               data-src=\"https:\/\/polakweuropie.sprjp2.edu.pl\/wp-content\/gallery\/galeria-malopolska-201411\/P1100068.JPG\"\n               data-thumbnail=\"https:\/\/polakweuropie.sprjp2.edu.pl\/wp-content\/gallery\/galeria-malopolska-201411\/thumbs\/thumbs_P1100068.JPG\"\n               data-image-id=\"260\"\n               data-title=\"P1100068\"\n               data-description=\"\"\n               data-image-slug=\"p1100068\"\n               class=\"ngg-fancybox\" rel=\"4246\">\n                <img\n                    title=\"P1100068\"\n                    alt=\"P1100068\"\n                    src=\"https:\/\/polakweuropie.sprjp2.edu.pl\/wp-content\/gallery\/galeria-malopolska-201411\/thumbs\/thumbs_P1100068.JPG\"\n                    width=\"120\"\n                    height=\"90\"\n                    style=\"max-width:100%;\"\n                \/>\n            <\/a>\n        <\/div>\n\t\t\t\t\t\t\t<\/div> \n\t\t\t\n\t\t\t\t<div id=\"ngg-image-17\" class=\"ngg-gallery-thumbnail-box \" >\n\t\t\t\t        <div class=\"ngg-gallery-thumbnail\">\n            <a href=\"https:\/\/polakweuropie.sprjp2.edu.pl\/wp-content\/gallery\/galeria-malopolska-201411\/P1100092.JPG\"\n               title=\"\"\n               data-src=\"https:\/\/polakweuropie.sprjp2.edu.pl\/wp-content\/gallery\/galeria-malopolska-201411\/P1100092.JPG\"\n               data-thumbnail=\"https:\/\/polakweuropie.sprjp2.edu.pl\/wp-content\/gallery\/galeria-malopolska-201411\/thumbs\/thumbs_P1100092.JPG\"\n               data-image-id=\"283\"\n               data-title=\"P1100092\"\n               data-description=\"\"\n               data-image-slug=\"p1100092\"\n               class=\"ngg-fancybox\" rel=\"4246\">\n                <img\n                    title=\"P1100092\"\n                    alt=\"P1100092\"\n                    src=\"https:\/\/polakweuropie.sprjp2.edu.pl\/wp-content\/gallery\/galeria-malopolska-201411\/thumbs\/thumbs_P1100092.JPG\"\n                    width=\"120\"\n                    height=\"90\"\n                    style=\"max-width:100%;\"\n                \/>\n            <\/a>\n        <\/div>\n\t\t\t\t\t\t\t<\/div> \n\t\t\t\n\t\t\t\t<div id=\"ngg-image-18\" class=\"ngg-gallery-thumbnail-box \" >\n\t\t\t\t        <div class=\"ngg-gallery-thumbnail\">\n            <a href=\"https:\/\/polakweuropie.sprjp2.edu.pl\/wp-content\/gallery\/galeria-malopolska-201411\/20141114_125753.jpg\"\n               title=\"\"\n               data-src=\"https:\/\/polakweuropie.sprjp2.edu.pl\/wp-content\/gallery\/galeria-malopolska-201411\/20141114_125753.jpg\"\n               data-thumbnail=\"https:\/\/polakweuropie.sprjp2.edu.pl\/wp-content\/gallery\/galeria-malopolska-201411\/thumbs\/thumbs_20141114_125753.jpg\"\n               data-image-id=\"307\"\n               data-title=\"20141114_125753\"\n               data-description=\"\"\n               data-image-slug=\"20141114_125753\"\n               class=\"ngg-fancybox\" rel=\"4246\">\n                <img\n                    title=\"20141114_125753\"\n                    alt=\"20141114_125753\"\n                    src=\"https:\/\/polakweuropie.sprjp2.edu.pl\/wp-content\/gallery\/galeria-malopolska-201411\/thumbs\/thumbs_20141114_125753.jpg\"\n                    width=\"120\"\n                    height=\"90\"\n                    style=\"max-width:100%;\"\n                \/>\n            <\/a>\n        <\/div>\n\t\t\t\t\t\t\t<\/div> \n\t\t\t\n\t\t\t\t<div id=\"ngg-image-19\" class=\"ngg-gallery-thumbnail-box \" >\n\t\t\t\t        <div class=\"ngg-gallery-thumbnail\">\n            <a href=\"https:\/\/polakweuropie.sprjp2.edu.pl\/wp-content\/gallery\/galeria-malopolska-201411\/20141114_125716.jpg\"\n               title=\"\"\n               data-src=\"https:\/\/polakweuropie.sprjp2.edu.pl\/wp-content\/gallery\/galeria-malopolska-201411\/20141114_125716.jpg\"\n               data-thumbnail=\"https:\/\/polakweuropie.sprjp2.edu.pl\/wp-content\/gallery\/galeria-malopolska-201411\/thumbs\/thumbs_20141114_125716.jpg\"\n               data-image-id=\"300\"\n               data-title=\"20141114_125716\"\n               data-description=\"\"\n               data-image-slug=\"20141114_125716\"\n               class=\"ngg-fancybox\" rel=\"4246\">\n                <img\n                    title=\"20141114_125716\"\n                    alt=\"20141114_125716\"\n                    src=\"https:\/\/polakweuropie.sprjp2.edu.pl\/wp-content\/gallery\/galeria-malopolska-201411\/thumbs\/thumbs_20141114_125716.jpg\"\n                    width=\"120\"\n                    height=\"90\"\n                    style=\"max-width:100%;\"\n                \/>\n            <\/a>\n        <\/div>\n\t\t\t\t\t\t\t<\/div> \n\t\t\t\n\t\n\t<br style=\"clear: both\" \/>\n\n\t\t<div class=\"slideshowlink\">\n        <a href='https:\/\/polakweuropie.sprjp2.edu.pl\/index.php\/nggallery\/slideshow?p=881'>[Show slideshow]<\/a>\n\t\t\n\t<\/div>\n\t\n\t\t<!-- Pagination -->\n\t<div class='ngg-navigation'><span class='current'>1<\/span>\n<a class='page-numbers' data-pageid='2' href='https:\/\/polakweuropie.sprjp2.edu.pl\/index.php\/nggallery\/page\/2?p=881'>2<\/a>\n<span class='ellipsis'>...<\/span>\n<a class='page-numbers' data-pageid='5' href='https:\/\/polakweuropie.sprjp2.edu.pl\/index.php\/nggallery\/page\/5?p=881'>5<\/a>\n<a class='prev' href='https:\/\/polakweuropie.sprjp2.edu.pl\/index.php\/nggallery\/page\/2?p=881' data-pageid=2>&#9658;<\/a><\/div>\t<\/div>\n<\/p>\n","protected":false},"excerpt":{"rendered":"<p>[Show slideshow] 1 2 &#8230; 5 &#9658;<\/p>\n","protected":false},"author":1,"featured_media":0,"comment_status":"open","ping_status":"open","sticky":false,"template":"","format":"standard","meta":{"ngg_post_thumbnail":0,"footnotes":""},"categories":[4,5,14],"tags":[],"class_list":["post-881","post","type-post","status-publish","format-standard","hentry","category-aktualnosci","category-galeria-pierwsze-prace-uczniow-w-projekcie-cudze-chwalicie-swego-nie-znacie-mazowsze","category-malopolska"],"yoast_head":"<!-- This site is optimized with the Yoast SEO plugin v20.5 - https:\/\/yoast.com\/wordpress\/plugins\/seo\/ -->\n<title>Galeria zdj\u0119\u0107 - Ma\u0142opolska - \u201eCudze chwalicie, swego nie znacie...\u201d M\u0142ody Polak w Europie<\/title>\n<meta name=\"robots\" content=\"index, follow, max-snippet:-1, max-image-preview:large, max-video-preview:-1\" \/>\n<link rel=\"canonical\" href=\"https:\/\/polakweuropie.sprjp2.edu.pl\/?p=881\" \/>\n<meta property=\"og:locale\" content=\"pl_PL\" \/>\n<meta property=\"og:type\" content=\"article\" \/>\n<meta property=\"og:title\" content=\"Galeria zdj\u0119\u0107 - Ma\u0142opolska - \u201eCudze chwalicie, swego nie znacie...\u201d M\u0142ody Polak w Europie\" \/>\n<meta property=\"og:description\" content=\"[Show slideshow] 1 2 ... 5 &#9658;\" \/>\n<meta property=\"og:url\" content=\"https:\/\/polakweuropie.sprjp2.edu.pl\/?p=881\" \/>\n<meta property=\"og:site_name\" content=\"\u201eCudze chwalicie, swego nie znacie...\u201d M\u0142ody Polak w Europie\" \/>\n<meta property=\"article:published_time\" content=\"2014-11-14T11:26:02+00:00\" \/>\n<meta property=\"article:modified_time\" content=\"2014-12-16T13:16:45+00:00\" \/>\n<meta property=\"og:image\" content=\"http:\/\/polakweuropie.sprjp2.edu.pl\/index.php\/nextgen-attach_to_post\/preview\/id--4246\" \/>\n<meta name=\"author\" content=\"admin\" \/>\n<meta name=\"twitter:card\" content=\"summary_large_image\" \/>\n<meta name=\"twitter:label1\" content=\"Napisane przez\" \/>\n\t<meta name=\"twitter:data1\" content=\"admin\" \/>\n<script type=\"application\/ld+json\" class=\"yoast-schema-graph\">{\"@context\":\"https:\/\/schema.org\",\"@graph\":[{\"@type\":\"WebPage\",\"@id\":\"https:\/\/polakweuropie.sprjp2.edu.pl\/?p=881\",\"url\":\"https:\/\/polakweuropie.sprjp2.edu.pl\/?p=881\",\"name\":\"Galeria zdj\u0119\u0107 - Ma\u0142opolska - \u201eCudze chwalicie, swego nie znacie...\u201d M\u0142ody Polak w Europie\",\"isPartOf\":{\"@id\":\"https:\/\/polakweuropie.sprjp2.edu.pl\/#website\"},\"datePublished\":\"2014-11-14T11:26:02+00:00\",\"dateModified\":\"2014-12-16T13:16:45+00:00\",\"author\":{\"@id\":\"https:\/\/polakweuropie.sprjp2.edu.pl\/#\/schema\/person\/46e8e4737afeabd93bcd3c9ef960cef4\"},\"breadcrumb\":{\"@id\":\"https:\/\/polakweuropie.sprjp2.edu.pl\/?p=881#breadcrumb\"},\"inLanguage\":\"pl-PL\",\"potentialAction\":[{\"@type\":\"ReadAction\",\"target\":[\"https:\/\/polakweuropie.sprjp2.edu.pl\/?p=881\"]}]},{\"@type\":\"BreadcrumbList\",\"@id\":\"https:\/\/polakweuropie.sprjp2.edu.pl\/?p=881#breadcrumb\",\"itemListElement\":[{\"@type\":\"ListItem\",\"position\":1,\"name\":\"Strona g\u0142\u00f3wna\",\"item\":\"https:\/\/polakweuropie.sprjp2.edu.pl\/\"},{\"@type\":\"ListItem\",\"position\":2,\"name\":\"Galeria zdj\u0119\u0107 &#8211; Ma\u0142opolska\"}]},{\"@type\":\"WebSite\",\"@id\":\"https:\/\/polakweuropie.sprjp2.edu.pl\/#website\",\"url\":\"https:\/\/polakweuropie.sprjp2.edu.pl\/\",\"name\":\"\u201eCudze chwalicie, swego nie znacie...\u201d M\u0142ody Polak w Europie\",\"description\":\"Projekt w Szkole Podstawowej nr 112 Przymierza Rodzin\",\"potentialAction\":[{\"@type\":\"SearchAction\",\"target\":{\"@type\":\"EntryPoint\",\"urlTemplate\":\"https:\/\/polakweuropie.sprjp2.edu.pl\/?s={search_term_string}\"},\"query-input\":\"required name=search_term_string\"}],\"inLanguage\":\"pl-PL\"},{\"@type\":\"Person\",\"@id\":\"https:\/\/polakweuropie.sprjp2.edu.pl\/#\/schema\/person\/46e8e4737afeabd93bcd3c9ef960cef4\",\"name\":\"admin\",\"image\":{\"@type\":\"ImageObject\",\"inLanguage\":\"pl-PL\",\"@id\":\"https:\/\/polakweuropie.sprjp2.edu.pl\/#\/schema\/person\/image\/\",\"url\":\"https:\/\/secure.gravatar.com\/avatar\/9b5a712af31058c65327544bfadfc108?s=96&d=mm&r=g\",\"contentUrl\":\"https:\/\/secure.gravatar.com\/avatar\/9b5a712af31058c65327544bfadfc108?s=96&d=mm&r=g\",\"caption\":\"admin\"},\"url\":\"https:\/\/polakweuropie.sprjp2.edu.pl\/?author=1\"}]}<\/script>\n<!-- \/ Yoast SEO plugin. -->","yoast_head_json":{"title":"Galeria zdj\u0119\u0107 - Ma\u0142opolska - \u201eCudze chwalicie, swego nie znacie...\u201d M\u0142ody Polak w Europie","robots":{"index":"index","follow":"follow","max-snippet":"max-snippet:-1","max-image-preview":"max-image-preview:large","max-video-preview":"max-video-preview:-1"},"canonical":"https:\/\/polakweuropie.sprjp2.edu.pl\/?p=881","og_locale":"pl_PL","og_type":"article","og_title":"Galeria zdj\u0119\u0107 - Ma\u0142opolska - \u201eCudze chwalicie, swego nie znacie...\u201d M\u0142ody Polak w Europie","og_description":"[Show slideshow] 1 2 ... 5 &#9658;","og_url":"https:\/\/polakweuropie.sprjp2.edu.pl\/?p=881","og_site_name":"\u201eCudze chwalicie, swego nie znacie...\u201d M\u0142ody Polak w Europie","article_published_time":"2014-11-14T11:26:02+00:00","article_modified_time":"2014-12-16T13:16:45+00:00","og_image":[{"url":"http:\/\/polakweuropie.sprjp2.edu.pl\/index.php\/nextgen-attach_to_post\/preview\/id--4246"}],"author":"admin","twitter_card":"summary_large_image","twitter_misc":{"Napisane przez":"admin"},"schema":{"@context":"https:\/\/schema.org","@graph":[{"@type":"WebPage","@id":"https:\/\/polakweuropie.sprjp2.edu.pl\/?p=881","url":"https:\/\/polakweuropie.sprjp2.edu.pl\/?p=881","name":"Galeria zdj\u0119\u0107 - Ma\u0142opolska - \u201eCudze chwalicie, swego nie znacie...\u201d M\u0142ody Polak w Europie","isPartOf":{"@id":"https:\/\/polakweuropie.sprjp2.edu.pl\/#website"},"datePublished":"2014-11-14T11:26:02+00:00","dateModified":"2014-12-16T13:16:45+00:00","author":{"@id":"https:\/\/polakweuropie.sprjp2.edu.pl\/#\/schema\/person\/46e8e4737afeabd93bcd3c9ef960cef4"},"breadcrumb":{"@id":"https:\/\/polakweuropie.sprjp2.edu.pl\/?p=881#breadcrumb"},"inLanguage":"pl-PL","potentialAction":[{"@type":"ReadAction","target":["https:\/\/polakweuropie.sprjp2.edu.pl\/?p=881"]}]},{"@type":"BreadcrumbList","@id":"https:\/\/polakweuropie.sprjp2.edu.pl\/?p=881#breadcrumb","itemListElement":[{"@type":"ListItem","position":1,"name":"Strona g\u0142\u00f3wna","item":"https:\/\/polakweuropie.sprjp2.edu.pl\/"},{"@type":"ListItem","position":2,"name":"Galeria zdj\u0119\u0107 &#8211; Ma\u0142opolska"}]},{"@type":"WebSite","@id":"https:\/\/polakweuropie.sprjp2.edu.pl\/#website","url":"https:\/\/polakweuropie.sprjp2.edu.pl\/","name":"\u201eCudze chwalicie, swego nie znacie...\u201d M\u0142ody Polak w Europie","description":"Projekt w Szkole Podstawowej nr 112 Przymierza Rodzin","potentialAction":[{"@type":"SearchAction","target":{"@type":"EntryPoint","urlTemplate":"https:\/\/polakweuropie.sprjp2.edu.pl\/?s={search_term_string}"},"query-input":"required name=search_term_string"}],"inLanguage":"pl-PL"},{"@type":"Person","@id":"https:\/\/polakweuropie.sprjp2.edu.pl\/#\/schema\/person\/46e8e4737afeabd93bcd3c9ef960cef4","name":"admin","image":{"@type":"ImageObject","inLanguage":"pl-PL","@id":"https:\/\/polakweuropie.sprjp2.edu.pl\/#\/schema\/person\/image\/","url":"https:\/\/secure.gravatar.com\/avatar\/9b5a712af31058c65327544bfadfc108?s=96&d=mm&r=g","contentUrl":"https:\/\/secure.gravatar.com\/avatar\/9b5a712af31058c65327544bfadfc108?s=96&d=mm&r=g","caption":"admin"},"url":"https:\/\/polakweuropie.sprjp2.edu.pl\/?author=1"}]}},"_links":{"self":[{"href":"https:\/\/polakweuropie.sprjp2.edu.pl\/index.php?rest_route=\/wp\/v2\/posts\/881"}],"collection":[{"href":"https:\/\/polakweuropie.sprjp2.edu.pl\/index.php?rest_route=\/wp\/v2\/posts"}],"about":[{"href":"https:\/\/polakweuropie.sprjp2.edu.pl\/index.php?rest_route=\/wp\/v2\/types\/post"}],"author":[{"embeddable":true,"href":"https:\/\/polakweuropie.sprjp2.edu.pl\/index.php?rest_route=\/wp\/v2\/users\/1"}],"replies":[{"embeddable":true,"href":"https:\/\/polakweuropie.sprjp2.edu.pl\/index.php?rest_route=%2Fwp%2Fv2%2Fcomments&post=881"}],"version-history":[{"count":14,"href":"https:\/\/polakweuropie.sprjp2.edu.pl\/index.php?rest_route=\/wp\/v2\/posts\/881\/revisions"}],"predecessor-version":[{"id":4247,"href":"https:\/\/polakweuropie.sprjp2.edu.pl\/index.php?rest_route=\/wp\/v2\/posts\/881\/revisions\/4247"}],"wp:attachment":[{"href":"https:\/\/polakweuropie.sprjp2.edu.pl\/index.php?rest_route=%2Fwp%2Fv2%2Fmedia&parent=881"}],"wp:term":[{"taxonomy":"category","embeddable":true,"href":"https:\/\/polakweuropie.sprjp2.edu.pl\/index.php?rest_route=%2Fwp%2Fv2%2Fcategories&post=881"},{"taxonomy":"post_tag","embeddable":true,"href":"https:\/\/polakweuropie.sprjp2.edu.pl\/index.php?rest_route=%2Fwp%2Fv2%2Ftags&post=881"}],"curies":[{"name":"wp","href":"https:\/\/api.w.org\/{rel}","templated":true}]}}