{"id":774,"date":"2014-09-15T09:06:33","date_gmt":"2014-09-15T07:06:33","guid":{"rendered":"http:\/\/polakweuropie.sprjp2.edu.pl\/?p=774"},"modified":"2014-09-15T09:07:34","modified_gmt":"2014-09-15T07:07:34","slug":"obszar-pierwszy-mazowsze","status":"publish","type":"post","link":"https:\/\/polakweuropie.sprjp2.edu.pl\/?p=774","title":{"rendered":"OBSZAR PIERWSZY &#8211; MAZOWSZE"},"content":{"rendered":"<p><strong>OBSZAR PIERWSZY &#8211; MAZOWSZE\u00a0 <\/strong><\/p>\n<p><a href=\"http:\/\/polakweuropie.sprjp2.edu.pl\/wp-content\/uploads\/2014\/09\/Mazowsze.doc\">Plik WORD: Mazowsze<\/a><\/p>\n<p><strong>prace premiowane punktami za punktualno\u015b\u0107 TRZEBA odda\u0107 10 pa\u017adziernika 2014.<\/strong><\/p>\n<p><strong>\u00a0<\/strong><\/p>\n<ol start=\"1\">\n<li><strong>Kurpiowski komiks<\/strong><\/li>\n<\/ol>\n<p>Kurpie to region, gdzie spotka\u0107 si\u0119 mo\u017cna nie tylko z ciekawymi wzorami ludowymi, ale tak\u017ce z gwar\u0105 kurpiowsk\u0105. Narysuj <strong>komiks <\/strong>ilustruj\u0105cy kurpiowskie opowiadanie (w za\u0142\u0105czniku, na ko\u0144cu). Wykorzystaj w ilustracjach charakterystyczne motywy kurpiowskie, a w dialogach kurpiowsk\u0105 gwar\u0119.<\/p>\n<p>&nbsp;<\/p>\n<ol start=\"2\">\n<li><strong>Bitwa warszawska <\/strong><\/li>\n<\/ol>\n<p>15 sierpnia 1920, tu\u017c pod Warszaw\u0105 rozegra\u0142a si\u0119 bitwa, uznana za jedn\u0105 z wa\u017cniejszych\u00a0 bitew w historii \u015bwiata. Dowiedz si\u0119, kogo powstrzyma\u0142a wtedy Polska Armia i przygotuj <strong>makiet\u0119 <\/strong>tej bitwy.<\/p>\n<p>&nbsp;<\/p>\n<ol start=\"3\">\n<li><strong>Bitwa warszawska \u2013 pami\u0105tki po latach<\/strong><\/li>\n<\/ol>\n<p>Odwied\u017a miejsca upami\u0119tniaj\u0105ce Bitw\u0119 Warszawsk\u0105 w Ossowie, Radzyminie, Wyszkowie i Mi\u0144sku Mazowieckim i przygotuj z wycieczki <strong>reporta\u017c <\/strong>ilustrowany zdj\u0119ciami.<\/p>\n<p>&nbsp;<\/p>\n<ol start=\"4\">\n<li><strong>Puzzle w stylu gotyku mazowieckiego<\/strong><\/li>\n<\/ol>\n<p>Na Mazowszu spotka\u0107 mo\u017cna wiele ko\u015bcio\u0142\u00f3w w stylu tzw. gotyku mazowieckiego (np. w Makowie Mazowieckiem, Przasnyszu, Czerwi\u0144sku). Na ich podstawie architekt Jan Zachwatowicz zaprojektowa\u0142 fasad\u0119 obudowywanej po wojnie Katedry Warszawskiej.<\/p>\n<p>Poszukaj ilustracji tych ko\u015bcio\u0142\u00f3w i znajd\u017a ich cechy wsp\u00f3lne. Z fotografii lub rysunk\u00f3w przygotuj <strong>puzzle<\/strong>, kt\u00f3re mo\u017cna b\u0119dzie sk\u0142ada\u0107 na kilka sposob\u00f3w i \u0142\u0105czy\u0107 elementy r\u00f3\u017cnych ko\u015bcio\u0142\u00f3w.<\/p>\n<p>&nbsp;<\/p>\n<ol start=\"5\">\n<li><strong>Letnisko Otwock<\/strong><\/li>\n<\/ol>\n<p>Na prze\u0142omie XIX i XX wieku Otwock by\u0142 popularnym miejscem letniego odpoczynku. Sprawd\u017a, co ciekawego widziano w tej podwarszawskiej miejscowo\u015bci i jacy s\u0142awni ludzie j\u0105 odwiedzali.<\/p>\n<p>Przygotuj rysunkowy <strong>plan<\/strong> Otwocka z atrakcjami tamtych czas\u00f3w. Dodaj rysunki lub zdj\u0119cia zachowanych do dzi\u015b drewnianych willi budowanych w stylu \u015bwidermajer.<\/p>\n<p>&nbsp;<\/p>\n<ol start=\"6\">\n<li><strong>Design kurpiowski<\/strong><\/li>\n<\/ol>\n<p>Przyjrzyj si\u0119 plastycznym motywom folkloru kurpiowskiego np. w skansenie kurpiowskim w Nowogrodzie, Kadzidle, Wachu, Myszy\u0144cu. Wykorzystaj je i przygotuj <strong>projekt kolekcji<\/strong> gad\u017cet\u00f3w w stylu folk: koszulki, czapki, torby, pokrowiec na kom\u00f3rk\u0119, kubek, smycz do kluczy itp. Postaraj si\u0119 przygotowa\u0107 na wystaw\u0119 cho\u0107 jeden element kolekcji. Zajrzyj na stron\u0119 <a href=\"http:\/\/folkstar.pl\/\">http:\/\/folkstar.pl<\/a> \u00a0Design regionalny mo\u017ce by\u0107 hitem!<\/p>\n<p>&nbsp;<\/p>\n<ol start=\"7\">\n<li><strong>Wyprawa rowerowa \u015bladami Ko\u015bciuszki <\/strong><\/li>\n<\/ol>\n<p>Okolice bitwy pod Maciejowicami prowadz\u0105 w pi\u0119kne ost\u0119py le\u015bne, gdzie mo\u017cna napotka\u0107 lip\u0119, pod kt\u00f3ra odpoczywa\u0142 Tadeusz Ko\u015bciuszko, rzek\u0119 Okrzejk\u0119 forsowan\u0105 przez wojska rosyjskie. Przygotuj <strong>fotoreporta\u017c<\/strong> z wyprawy. Mo\u017cesz tez zahaczy\u0107 o Farm\u0119 Iluzji.<\/p>\n<p>&nbsp;<\/p>\n<ol start=\"8\">\n<li><strong>Wiano kr\u00f3lowej Bony<\/strong><\/li>\n<\/ol>\n<p>Jeste\u015b, przeniesionym w czasie, sekretarzem kr\u00f3lowej Bony. W\u0142adczyni ta otrzyma\u0142a Mazowsze i zarz\u0105dza\u0142a nim w bardzo nowoczesny i skuteczny spos\u00f3b min. reformowa\u0142a rolnictwo i rozbudowywa\u0142a miasta . Sprawd\u017a, co Mazowsze zawdzi\u0119cza kr\u00f3lowej Bonie i przygotuj <strong>prezentacj\u0119 <\/strong>o dzisiejszym Mazowszu, kt\u00f3ra mog\u0142aby zaciekawi\u0107 kr\u00f3low\u0105. Poka\u017c, jak wygl\u0105daj\u0105 obecnie miasta, wsie i pola uprawne<\/p>\n<p>&nbsp;<\/p>\n<ol start=\"9\">\n<li><strong>Duchy na Mazowszu<\/strong><\/li>\n<\/ol>\n<p>Mazowieckie zamki skrywaj\u0105 nie jedn\u0105 ponur\u0105 histori\u0119. Przygotuj <strong>scenariusz <\/strong>do filmu (na minimum 6 scen), oparty na jednej z niesamowitych mazowieckich legend. Mo\u017cesz oprze\u0107 si\u0119 na opowie\u015bciach o zamkowych duchach (np z zamku w Liwie lub Czersku) albo na historii Pana Twardowskiego i jego lustra w W\u0119growie.<\/p>\n<p>&nbsp;<\/p>\n<ol start=\"10\">\n<li><strong>Mazowiecka sonda szkolna<\/strong><\/li>\n<\/ol>\n<p>Przygotuj list\u0119 10-ciu najfajniejszych rzeczy na Mazowszu: np pla\u017ce nad Wis\u0142\u0105, wyci\u0105g wakeboardowy, Centrum Nauki Kopernik, Farma Iluzji itp). Do ka\u017cdego dodaj bardzo kr\u00f3tki opis (max. dwa zdania) i zdj\u0119cie. Nast\u0119pnie przeprowad\u017a <strong>ankiet\u0119<\/strong> w szkole, korzystaj\u0105c z pomocy wychowawcy i zaprezentuj jej wyniki.<\/p>\n<p>&nbsp;<\/p>\n<ol start=\"11\">\n<li><strong>Szlak Ksi\u0105\u017c\u0105t Mazowieckich <\/strong><\/li>\n<\/ol>\n<p>Przejrzyj w internecie stron\u0119 <a href=\"http:\/\/www.szlakksiazat.pl\/\">http:\/\/www.szlakksiazat.pl\/<\/a>. Po pierwsze dowiedz si\u0119, co to jest Szlak Ksi\u0105z\u0105t Mazowieckich i dlaczego warto go pozna\u0107. Po drugie sprawd\u017a, jakie imprezy odb\u0119d\u0105 si\u0119 w najbli\u017cszym czasie na szlaku, w okolicach Warszawy. Po trzecie wybierz trzy ciekawe miejsca na szlaku, kt\u00f3re chcia\u0142by\u015b odwiedzi\u0107. Wyniki swojej pracy przedstaw w postaci <strong>folderu,<\/strong> zach\u0119caj\u0105cego na wypraw\u0119 Szlakiem Ksi\u0105\u017c\u0105t Mazowieckich.<\/p>\n<p>&nbsp;<\/p>\n<ol start=\"12\">\n<li><strong>Urywki z mazowieckiej historii<\/strong><\/li>\n<\/ol>\n<p>Dowiedz si\u0119 kim byli Ksi\u0105\u017c\u0119ta Mazowieccy i przedstaw najciekawsze fragmenty ich historii w postaci <strong>prezentacji lub plakatu<\/strong>.<\/p>\n<p>Sprawd\u017a np.: czego naprawd\u0119 dokona\u0142 Konrad Mazowiecki, w czym ksi\u0105\u017c\u0119 Janusz I Stary by\u0142 podobny do Kazimierza Wielkiego, kt\u00f3ry z ksi\u0105\u017c\u0105t mazowieckich walczy\u0142 pod<br \/>\nGrunwaldem a kt\u00f3ry z nich chcia\u0142 zosta\u0107 kr\u00f3lem, co umieli ostatni ksi\u0105\u017c\u0119ta mazowieccy i czy siostra Anna ich otru\u0142a?<\/p>\n<p>Mo\u017cesz skorzysta\u0107 ze strony internetowej, podanej w poprzednim zadaniu<\/p>\n<p><strong>\u00a0<\/strong><\/p>\n<ol start=\"13\">\n<li><strong>Wydmy i bagna<\/strong><\/li>\n<\/ol>\n<p>W Puszczy Kampinoskiej s\u0105siaduj\u0105 ze sob\u0105 wydmy i bagna. Przygotuj <strong>makiet\u0119 <\/strong>terenu i ro\u015blinno\u015bci, kt\u00f3ra poka\u017ce jak r\u00f3\u017cne to \u015brodowiska. Wykorzystaj fotografie drzew i innych ro\u015blin.<\/p>\n<p>&nbsp;<\/p>\n<ol start=\"14\">\n<li><strong>\u0141owicki szalik<\/strong><\/li>\n<\/ol>\n<p>Charakterystycznym motywem stroju \u0142owickiego jest pasiak, we\u0142niana tkanina w r\u00f3\u017cnokolorowe pasy. Spr\u00f3buj <strong>zrobi\u0107 na drutach <\/strong><strong>lub na szyde\u0142ku szalik<\/strong> w \u0142owickich barwach .<\/p>\n<p><strong>\u00a0<\/strong><\/p>\n<ol start=\"15\">\n<li><strong>Mazowieckie wierzby<\/strong><\/li>\n<\/ol>\n<p>W krajobrazie Mazowsza wyr\u00f3\u017cniaj\u0105 si\u0119 wierzby rosn\u0105ce na miedzach, przy drogach i rowach. Przygotuj <strong>plakat<\/strong> z mazowieck\u0105 wierzb\u0105 w roli g\u0142\u00f3wnej.\u00a0 Dowiedz si\u0119, sk\u0105d charakterystyczny jej kszta\u0142t i do czego wykorzystywano wierzbowe ga\u0142\u0119zie i witki. Sprawd\u017a czy jej sylwetka pojawia si\u0119 w sztuce, poszukaj artystycznych zdj\u0119\u0107 i przyrodniczych ciekawostek.<\/p>\n<p><strong>\u00a0<\/strong><\/p>\n<ol start=\"16\">\n<li><strong>Galeria fotografii<\/strong><\/li>\n<\/ol>\n<p>Wybierz si\u0119 na mazowiecki plener fotograficzny. Spo\u015br\u00f3d zrobionych przez siebie <strong>zdj\u0119\u0107<\/strong> wybierz 5 naj\u0142adniejszych i zaprezentuj je na wystawie na szkolnym korytarzu.<\/p>\n<p>&nbsp;<\/p>\n<ol start=\"17\">\n<li><strong>\u015aladami \u0142osia<\/strong><\/li>\n<\/ol>\n<p>\u0141o\u015b jest kr\u00f3lem Puszczy Kampinoskiej. Wyobra\u017a sobie, \u017ce jeste\u015b le\u015bniczym, kt\u00f3ry tropi to wspania\u0142e zwierze. W ilustrowanym <strong>dzienniku <\/strong>opisz i narysuj \u015blady, jakie po sobie zostawia, miejsca i pory dnia, gdzie mo\u017cna go spotka\u0107, pokarm, jakiego szuka i inne informacje, kt\u00f3re mog\u0105 Ci si\u0119 przyda\u0107 w trakcie tropienia.<\/p>\n<p><strong>\u00a0<\/strong><\/p>\n<ol start=\"18\">\n<li><strong>\u0141owickie paj\u0105ki<\/strong><\/li>\n<\/ol>\n<h1>Wewn\u0105trz \u0142owickich dom\u00f3w, pod sufitem wisia\u0142y cz\u0119sto paj\u0105ki \u2013 nie prawdziwe paj\u0105ki, w\u0142ochate i paskudne, ale kolorowe lekkie konstrukcje ze s\u0142omy, tkanin, papieru, ptasich pi\u00f3rek, nasion grochu i innych materia\u0142\u00f3w. Spr\u00f3buj wykona\u0107 tak\u0105 plastyczn\u0105 konstrukcj\u0119 i udekorowa\u0107 ni\u0105 sufit Twojej klasy<\/h1>\n<h1><\/h1>\n<ol start=\"19\">\n<li>\u00a0<strong>Polska cola<\/strong><\/li>\n<\/ol>\n<p>Polskie firmy produkuj\u0105 bardzo fajne rzeczy. Czasem jednak zapatrzeni w zachodnie marki mo\u017cemy przegapi\u0107 co\u015b dobrego na naszym rynku. Firma Dan z Szyd\u0142owca produkuje nap\u00f3j Mr. Dark, kt\u00f3ry smakuje jak cola. Dost\u0119pna jest wersja bia\u0142a, czarna, z\u0142ota i srebrna. Sprawd\u017a na stronie firmy <a href=\"http:\/\/dan-napoje.pl\/\">http:\/\/dan-napoje.pl<\/a> Etykiety jednak niekoniecznie sugeruj\u0105 nap\u00f3j dobry dla dzieci. Zaprojektuj lepsz\u0105 <strong>etykiet\u0119 na butelk\u0119<\/strong> polskiej coli, zachowuj\u0105c nazw\u0119 firmow\u0105 napoju Mr. Dark.<\/p>\n<p><strong>\u00a0<\/strong><\/p>\n<ol>\n<li><strong>20.\u00a0 <\/strong><strong>Zjedz jab\u0142ko<\/strong><\/li>\n<\/ol>\n<p>Na Mazowszu od czas\u00f3w kr\u00f3lowej Bony jest mn\u00f3stwo sad\u00f3w, kt\u00f3rych zbiera si\u0119 zdrowe, polskie jab\u0142ka. Okolice Gr\u00f3jca, G\u00f3ry Kalwarii s\u0142yn\u0105 z produkcji eksportowych jab\u0142ek. Ale w Polsce te\u017c warto je\u015b\u0107 jab\u0142ka! Przygotuj menu jab\u0142kowe na ca\u0142y dzie\u0144. Jak wykorzysta\u0107 jab\u0142ko do \u015bniadania, obiadu, kolacji, na podwieczorek. Przygotuj potrawy jab\u0142kowe i zr\u00f3b <strong>zdj\u0119cia ca\u0142odziennego menu jab\u0142kowego. <\/strong>Mo\u017cesz nada\u0107 samkowite nazwy potrawom jab\u0142kowymJ<\/p>\n<p><strong>\u00a0<\/strong><\/p>\n<p><strong>Za\u0142\u0105cznik do zadania 1:<\/strong> Kurpiowskie opowiadanie<\/p>\n<p>Dla gwary kurpiowskiej charakterystyczne jest zmi\u0119kczanie sp\u00f3\u0142g\u0142osek, posiada te\u017c wiele oryginalnych s\u0142\u00f3w np.: Kurp to Kurp\u015b, zamiast piwo m\u00f3wi si\u0119 psiwo, ofiara to osiara, miasto to mniasto, za\u015b kogut to psiejak.<\/p>\n<p>Oto jedna\u00a0 z opowie\u015bci Adama Ch\u0119tnika, Kurpsia a urodzenia i popularyzatora Kurpiowszczyzny. Przeczytaj j\u0105 g\u0142osno. <em>Ojciec m\u00f3j, Ponie swec nad jego duso, pojecho\u0142 z koniami na pa\u015bniki, niedaleko rzeki. Ojciec m\u00f3j pu\u015bcili konie pod ziecor, a sam zagrzebali si\u0119 w kope siana, bo by\u0142o ch\u0142odnawo. Naraz ojciec zidz\u0105: \u00a0pandzi cos od boru. Psies nie psies. Konie jak zobocy\u0142y to stworzenei zaceny dra\u0142owa\u0107, gdzie cht\u00f3ren m\u00f3g. Oho, zilki \u2013 pomy\u015bleli ociec i wtulili si\u0119 w siano jesce g\u0142ambziej. A zilk, przylecia\u0142 pod som st\u00f3g, wloz na rozgrzebane siano i przywalu\u0142 ojcu nogi. Jak zilk mnie tu zwietrzy, to roztarmosi \u2013 pomy\u015bleli ociec. A zilk zacon ju\u017c na dobre zietrzy\u0107, pascanke osiero\u0107 i morde w siano wtyka\u0107. Cuja ociec, co bandzie biedo i wzion si\u0119 na stary spos\u00f3b. Trzeba zilka przestroszy\u0107. A ch\u0142op bu\u0142 tangi i mocny, piersi mio\u0142 zdrowe, a g\u0142os jak na ob\u015btalunek. Jak ociec nie nabierze pzietrza, jak nie usykuja gardziel i jak nie wrzasn\u0105 przera\u017aliwie! A zilk, jakby go nie by\u0142o; skocu\u0142 z siana, fajtnon pare koz\u0142\u00f3w i zdech ze strochu. <\/em><\/p>\n<p>&nbsp;<\/p>\n","protected":false},"excerpt":{"rendered":"<p>OBSZAR PIERWSZY &#8211; MAZOWSZE\u00a0 Plik WORD: Mazowsze prace premiowane punktami za punktualno\u015b\u0107 TRZEBA odda\u0107 10 pa\u017adziernika 2014. \u00a0 Kurpiowski komiks Kurpie to region, gdzie spotka\u0107 si\u0119 mo\u017cna nie tylko z ciekawymi wzorami ludowymi, ale tak\u017ce z gwar\u0105 kurpiowsk\u0105. Narysuj komiks ilustruj\u0105cy kurpiowskie opowiadanie (w za\u0142\u0105czniku, na ko\u0144cu). Wykorzystaj w ilustracjach charakterystyczne motywy kurpiowskie, a w [&hellip;]<\/p>\n","protected":false},"author":1,"featured_media":0,"comment_status":"open","ping_status":"open","sticky":false,"template":"","format":"standard","meta":{"ngg_post_thumbnail":0,"footnotes":""},"categories":[4,10,7],"tags":[],"class_list":["post-774","post","type-post","status-publish","format-standard","hentry","category-aktualnosci","category-mazowsze","category-zadania"],"yoast_head":"<!-- This site is optimized with the Yoast SEO plugin v20.5 - https:\/\/yoast.com\/wordpress\/plugins\/seo\/ -->\n<title>OBSZAR PIERWSZY - MAZOWSZE  - \u201eCudze chwalicie, swego nie znacie...\u201d M\u0142ody Polak w Europie<\/title>\n<meta name=\"robots\" content=\"index, follow, max-snippet:-1, max-image-preview:large, max-video-preview:-1\" \/>\n<link rel=\"canonical\" href=\"https:\/\/polakweuropie.sprjp2.edu.pl\/?p=774\" \/>\n<meta property=\"og:locale\" content=\"pl_PL\" \/>\n<meta property=\"og:type\" content=\"article\" \/>\n<meta property=\"og:title\" content=\"OBSZAR PIERWSZY - MAZOWSZE  - \u201eCudze chwalicie, swego nie znacie...\u201d M\u0142ody Polak w Europie\" \/>\n<meta property=\"og:description\" content=\"OBSZAR PIERWSZY &#8211; MAZOWSZE\u00a0 Plik WORD: Mazowsze prace premiowane punktami za punktualno\u015b\u0107 TRZEBA odda\u0107 10 pa\u017adziernika 2014. \u00a0 Kurpiowski komiks Kurpie to region, gdzie spotka\u0107 si\u0119 mo\u017cna nie tylko z ciekawymi wzorami ludowymi, ale tak\u017ce z gwar\u0105 kurpiowsk\u0105. Narysuj komiks ilustruj\u0105cy kurpiowskie opowiadanie (w za\u0142\u0105czniku, na ko\u0144cu). Wykorzystaj w ilustracjach charakterystyczne motywy kurpiowskie, a w [&hellip;]\" \/>\n<meta property=\"og:url\" content=\"https:\/\/polakweuropie.sprjp2.edu.pl\/?p=774\" \/>\n<meta property=\"og:site_name\" content=\"\u201eCudze chwalicie, swego nie znacie...\u201d M\u0142ody Polak w Europie\" \/>\n<meta property=\"article:published_time\" content=\"2014-09-15T07:06:33+00:00\" \/>\n<meta property=\"article:modified_time\" content=\"2014-09-15T07:07:34+00:00\" \/>\n<meta name=\"author\" content=\"admin\" \/>\n<meta name=\"twitter:card\" content=\"summary_large_image\" \/>\n<meta name=\"twitter:label1\" content=\"Napisane przez\" \/>\n\t<meta name=\"twitter:data1\" content=\"admin\" \/>\n\t<meta name=\"twitter:label2\" content=\"Szacowany czas czytania\" \/>\n\t<meta name=\"twitter:data2\" content=\"7 minut\" \/>\n<script type=\"application\/ld+json\" class=\"yoast-schema-graph\">{\"@context\":\"https:\/\/schema.org\",\"@graph\":[{\"@type\":\"WebPage\",\"@id\":\"https:\/\/polakweuropie.sprjp2.edu.pl\/?p=774\",\"url\":\"https:\/\/polakweuropie.sprjp2.edu.pl\/?p=774\",\"name\":\"OBSZAR PIERWSZY - MAZOWSZE - \u201eCudze chwalicie, swego nie znacie...\u201d M\u0142ody Polak w Europie\",\"isPartOf\":{\"@id\":\"https:\/\/polakweuropie.sprjp2.edu.pl\/#website\"},\"datePublished\":\"2014-09-15T07:06:33+00:00\",\"dateModified\":\"2014-09-15T07:07:34+00:00\",\"author\":{\"@id\":\"https:\/\/polakweuropie.sprjp2.edu.pl\/#\/schema\/person\/46e8e4737afeabd93bcd3c9ef960cef4\"},\"breadcrumb\":{\"@id\":\"https:\/\/polakweuropie.sprjp2.edu.pl\/?p=774#breadcrumb\"},\"inLanguage\":\"pl-PL\",\"potentialAction\":[{\"@type\":\"ReadAction\",\"target\":[\"https:\/\/polakweuropie.sprjp2.edu.pl\/?p=774\"]}]},{\"@type\":\"BreadcrumbList\",\"@id\":\"https:\/\/polakweuropie.sprjp2.edu.pl\/?p=774#breadcrumb\",\"itemListElement\":[{\"@type\":\"ListItem\",\"position\":1,\"name\":\"Strona g\u0142\u00f3wna\",\"item\":\"https:\/\/polakweuropie.sprjp2.edu.pl\/\"},{\"@type\":\"ListItem\",\"position\":2,\"name\":\"OBSZAR PIERWSZY &#8211; MAZOWSZE\"}]},{\"@type\":\"WebSite\",\"@id\":\"https:\/\/polakweuropie.sprjp2.edu.pl\/#website\",\"url\":\"https:\/\/polakweuropie.sprjp2.edu.pl\/\",\"name\":\"\u201eCudze chwalicie, swego nie znacie...\u201d M\u0142ody Polak w Europie\",\"description\":\"Projekt w Szkole Podstawowej nr 112 Przymierza Rodzin\",\"potentialAction\":[{\"@type\":\"SearchAction\",\"target\":{\"@type\":\"EntryPoint\",\"urlTemplate\":\"https:\/\/polakweuropie.sprjp2.edu.pl\/?s={search_term_string}\"},\"query-input\":\"required name=search_term_string\"}],\"inLanguage\":\"pl-PL\"},{\"@type\":\"Person\",\"@id\":\"https:\/\/polakweuropie.sprjp2.edu.pl\/#\/schema\/person\/46e8e4737afeabd93bcd3c9ef960cef4\",\"name\":\"admin\",\"image\":{\"@type\":\"ImageObject\",\"inLanguage\":\"pl-PL\",\"@id\":\"https:\/\/polakweuropie.sprjp2.edu.pl\/#\/schema\/person\/image\/\",\"url\":\"https:\/\/secure.gravatar.com\/avatar\/9b5a712af31058c65327544bfadfc108?s=96&d=mm&r=g\",\"contentUrl\":\"https:\/\/secure.gravatar.com\/avatar\/9b5a712af31058c65327544bfadfc108?s=96&d=mm&r=g\",\"caption\":\"admin\"},\"url\":\"https:\/\/polakweuropie.sprjp2.edu.pl\/?author=1\"}]}<\/script>\n<!-- \/ Yoast SEO plugin. -->","yoast_head_json":{"title":"OBSZAR PIERWSZY - MAZOWSZE  - \u201eCudze chwalicie, swego nie znacie...\u201d M\u0142ody Polak w Europie","robots":{"index":"index","follow":"follow","max-snippet":"max-snippet:-1","max-image-preview":"max-image-preview:large","max-video-preview":"max-video-preview:-1"},"canonical":"https:\/\/polakweuropie.sprjp2.edu.pl\/?p=774","og_locale":"pl_PL","og_type":"article","og_title":"OBSZAR PIERWSZY - MAZOWSZE  - \u201eCudze chwalicie, swego nie znacie...\u201d M\u0142ody Polak w Europie","og_description":"OBSZAR PIERWSZY &#8211; MAZOWSZE\u00a0 Plik WORD: Mazowsze prace premiowane punktami za punktualno\u015b\u0107 TRZEBA odda\u0107 10 pa\u017adziernika 2014. \u00a0 Kurpiowski komiks Kurpie to region, gdzie spotka\u0107 si\u0119 mo\u017cna nie tylko z ciekawymi wzorami ludowymi, ale tak\u017ce z gwar\u0105 kurpiowsk\u0105. Narysuj komiks ilustruj\u0105cy kurpiowskie opowiadanie (w za\u0142\u0105czniku, na ko\u0144cu). Wykorzystaj w ilustracjach charakterystyczne motywy kurpiowskie, a w [&hellip;]","og_url":"https:\/\/polakweuropie.sprjp2.edu.pl\/?p=774","og_site_name":"\u201eCudze chwalicie, swego nie znacie...\u201d M\u0142ody Polak w Europie","article_published_time":"2014-09-15T07:06:33+00:00","article_modified_time":"2014-09-15T07:07:34+00:00","author":"admin","twitter_card":"summary_large_image","twitter_misc":{"Napisane przez":"admin","Szacowany czas czytania":"7 minut"},"schema":{"@context":"https:\/\/schema.org","@graph":[{"@type":"WebPage","@id":"https:\/\/polakweuropie.sprjp2.edu.pl\/?p=774","url":"https:\/\/polakweuropie.sprjp2.edu.pl\/?p=774","name":"OBSZAR PIERWSZY - MAZOWSZE - \u201eCudze chwalicie, swego nie znacie...\u201d M\u0142ody Polak w Europie","isPartOf":{"@id":"https:\/\/polakweuropie.sprjp2.edu.pl\/#website"},"datePublished":"2014-09-15T07:06:33+00:00","dateModified":"2014-09-15T07:07:34+00:00","author":{"@id":"https:\/\/polakweuropie.sprjp2.edu.pl\/#\/schema\/person\/46e8e4737afeabd93bcd3c9ef960cef4"},"breadcrumb":{"@id":"https:\/\/polakweuropie.sprjp2.edu.pl\/?p=774#breadcrumb"},"inLanguage":"pl-PL","potentialAction":[{"@type":"ReadAction","target":["https:\/\/polakweuropie.sprjp2.edu.pl\/?p=774"]}]},{"@type":"BreadcrumbList","@id":"https:\/\/polakweuropie.sprjp2.edu.pl\/?p=774#breadcrumb","itemListElement":[{"@type":"ListItem","position":1,"name":"Strona g\u0142\u00f3wna","item":"https:\/\/polakweuropie.sprjp2.edu.pl\/"},{"@type":"ListItem","position":2,"name":"OBSZAR PIERWSZY &#8211; MAZOWSZE"}]},{"@type":"WebSite","@id":"https:\/\/polakweuropie.sprjp2.edu.pl\/#website","url":"https:\/\/polakweuropie.sprjp2.edu.pl\/","name":"\u201eCudze chwalicie, swego nie znacie...\u201d M\u0142ody Polak w Europie","description":"Projekt w Szkole Podstawowej nr 112 Przymierza Rodzin","potentialAction":[{"@type":"SearchAction","target":{"@type":"EntryPoint","urlTemplate":"https:\/\/polakweuropie.sprjp2.edu.pl\/?s={search_term_string}"},"query-input":"required name=search_term_string"}],"inLanguage":"pl-PL"},{"@type":"Person","@id":"https:\/\/polakweuropie.sprjp2.edu.pl\/#\/schema\/person\/46e8e4737afeabd93bcd3c9ef960cef4","name":"admin","image":{"@type":"ImageObject","inLanguage":"pl-PL","@id":"https:\/\/polakweuropie.sprjp2.edu.pl\/#\/schema\/person\/image\/","url":"https:\/\/secure.gravatar.com\/avatar\/9b5a712af31058c65327544bfadfc108?s=96&d=mm&r=g","contentUrl":"https:\/\/secure.gravatar.com\/avatar\/9b5a712af31058c65327544bfadfc108?s=96&d=mm&r=g","caption":"admin"},"url":"https:\/\/polakweuropie.sprjp2.edu.pl\/?author=1"}]}},"_links":{"self":[{"href":"https:\/\/polakweuropie.sprjp2.edu.pl\/index.php?rest_route=\/wp\/v2\/posts\/774"}],"collection":[{"href":"https:\/\/polakweuropie.sprjp2.edu.pl\/index.php?rest_route=\/wp\/v2\/posts"}],"about":[{"href":"https:\/\/polakweuropie.sprjp2.edu.pl\/index.php?rest_route=\/wp\/v2\/types\/post"}],"author":[{"embeddable":true,"href":"https:\/\/polakweuropie.sprjp2.edu.pl\/index.php?rest_route=\/wp\/v2\/users\/1"}],"replies":[{"embeddable":true,"href":"https:\/\/polakweuropie.sprjp2.edu.pl\/index.php?rest_route=%2Fwp%2Fv2%2Fcomments&post=774"}],"version-history":[{"count":3,"href":"https:\/\/polakweuropie.sprjp2.edu.pl\/index.php?rest_route=\/wp\/v2\/posts\/774\/revisions"}],"predecessor-version":[{"id":778,"href":"https:\/\/polakweuropie.sprjp2.edu.pl\/index.php?rest_route=\/wp\/v2\/posts\/774\/revisions\/778"}],"wp:attachment":[{"href":"https:\/\/polakweuropie.sprjp2.edu.pl\/index.php?rest_route=%2Fwp%2Fv2%2Fmedia&parent=774"}],"wp:term":[{"taxonomy":"category","embeddable":true,"href":"https:\/\/polakweuropie.sprjp2.edu.pl\/index.php?rest_route=%2Fwp%2Fv2%2Fcategories&post=774"},{"taxonomy":"post_tag","embeddable":true,"href":"https:\/\/polakweuropie.sprjp2.edu.pl\/index.php?rest_route=%2Fwp%2Fv2%2Ftags&post=774"}],"curies":[{"name":"wp","href":"https:\/\/api.w.org\/{rel}","templated":true}]}}