{"id":58,"date":"2012-12-21T18:15:19","date_gmt":"2012-12-21T17:15:19","guid":{"rendered":"http:\/\/polakweuropie.sprjp2.edu.pl\/?p=58"},"modified":"2013-01-09T15:05:17","modified_gmt":"2013-01-09T14:05:17","slug":"zadania-malopolska","status":"publish","type":"post","link":"https:\/\/polakweuropie.sprjp2.edu.pl\/?p=58","title":{"rendered":"MA\u0141OPOLSKA \u2013 zadania z III obszaru"},"content":{"rendered":"<p style=\"text-align: left;\"><strong><a href=\"http:\/\/polakweuropie.sprjp2.edu.pl\/wp-content\/uploads\/2012\/12\/zadania_ma\u0142opolska1.doc\">Plik do pobrania zada\u0144 w formacie Word \u015bci\u0105gniesz klikaj\u0105c w ten tekst<\/a><\/strong><\/p>\n<p>\u201eCudze chwalicie, swojego nie znacie\u201d<\/p>\n<p>&nbsp;<\/p>\n<p align=\"center\"><strong>M\u0141ODY POLAK W EUROPIE<\/strong><\/p>\n<p align=\"center\"><strong>MA\u0141OPOLSKA \u2013 zadania z III obszaru &#8211; termin 15 luty<\/strong><\/p>\n<p align=\"center\">\n<p><strong>Ocali\u0107 od zapomnienia<\/strong><\/p>\n<p>Z wielkiej liczby dawnych drewnianych ko\u015bcio\u0142\u00f3w zosta\u0142o ju\u017c tylko kilkana\u015bcie. Narysuj jeden z drewnianych ko\u015bci\u00f3\u0142k\u00f3w ma\u0142opolskich wpisanych na list\u0119 UNESCO (w Bliznem, Binarowej, D\u0119bnie, Lipnicy Murowanej, Haczowie, S\u0119kowej); narysuj\u00a0 w ca\u0142o\u015bci lub jego ciekawe fragmenty.<\/p>\n<p><strong>Tropem Skarbnika, ducha kopalni<\/strong><\/p>\n<p>Kopania w Wieliczce s\u0142ynie nie tylko z fantastycznych kom\u00f3r, korytarzy i pi\u0119knych kryszta\u0142\u00f3w soli. Obok dzie\u0142 natury zachwycaj\u0105 tak\u017ce dzie\u0142a r\u0105k ludzkich \u2013 rze\u017aby solne. Poszukaj ilustracji w Internecie i spr\u00f3buj sam wykona\u0107 kopi\u0119 jednej z rze\u017ab solnych \u2013 nie w soli jednak a w szarym mydle.<\/p>\n<p><strong>Sk\u0105d si\u0119 wzi\u0119\u0142a s\u00f3l w Wieliczce<\/strong><\/p>\n<p>Legendy m\u00f3wi\u0105 \u017ce dzi\u0119ki \u015bwi\u0119tej Kindze i jej pier\u015bcieniowi mamy w Polsce s\u00f3l. Tymczasem tak naprawd\u0119 przed milionami lat rozci\u0105ga\u0142o si\u0119 tu morze, w kt\u00f3rym powstawa\u0142y kryszta\u0142ki soli. Spr\u00f3buj sam wyhodowa\u0107 kryszta\u0142y soli z takiego niby morza (czyli nasyconego sol\u0105 roztworu). Opisz i zilustruj zdj\u0119ciami swoje do\u015bwiadczenie. Poszukaj dodatkowo zdj\u0119\u0107 rozmaitych kryszta\u0142\u00f3w soli.<\/p>\n<p><strong>Oferta dla ka\u017cdego<\/strong><\/p>\n<p>Jako pracownik agencji turystycznej masz za zadanie przygotowa\u0107 oferty zwiedzania kopalni w Wieliczce dla r\u00f3\u017cnych klient\u00f3w: rodziny z tr\u00f3jk\u0105 dzieci, wysportowanego m\u0142odzie\u0144ca, mi\u0142o\u015bnika sport\u00f3w ekstremalnych oraz dla starszej pani, chorej na astm\u0119. Korzystaj\u0105c ze strony internetowej kopalni przygotuj odpowiednie foldery z pe\u0142n\u0105 informacj\u0105 \u2013 atrakcje, godziny, ceny bilet\u00f3w, posi\u0142ek, pami\u0105tki itp.<\/p>\n<p><strong>Ile wierzcho\u0142k\u00f3w ma Babia G\u00f3ra<\/strong><\/p>\n<p>Babia G\u00f3ra to kr\u00f3lowa Beskid\u00f3w. Z masy solnej lub innego materia\u0142u przygotuj makiet\u0119 tej pi\u0119knej g\u00f3ry. Zaznacz u jej podstawy pobliskie miejscowo\u015bci, uka\u017c pi\u0119tra ro\u015blinno\u015bci, szlaki, schronisko na Markowych Szczawinach itp.<\/p>\n<p><strong>Biblia dla ubogich<\/strong><\/p>\n<p>Biblia pauperum czyli Biblia dla ubogich a raczej tych, kt\u00f3rzy nie nauczyli si\u0119 czyta\u0107 ani pisa\u0107. W \u015bredniowieczu czyta\u0107 i pisa\u0107 uczono tyko dzieci ludzi bogatych. Biedni mogli pozna\u0107 najwa\u017cniejsze prawdy tylko przez obrazy. W ko\u015bcio\u0142ach rysowano dla nich Sceny biblijne jak \u201ekomiks\u201d. Tak tez przedstawione s\u0105 modlitwy Ojcze nasz i wierze w Boga w drewnianych ko\u015bcio\u0142ach w Binarowej i w Bliznem. Obejrzyjcie slajdy na lekcji religii (lub historii), porozmawiajcie o tym, jakie sceny przedstawiaj\u0105, czego mo\u017cna si\u0119 dowiedzie\u0107 z tych obrazk\u00f3w o ludziach, do kt\u00f3rych by\u0142y skierowane. I narysujcie wsp\u00f3\u0142czesn\u0105 ilustracj\u0119 wybranych przykaza\u0144 lub prawd wiary.<\/p>\n<p><strong>Krakowska szopka<\/strong><\/p>\n<p>W okresie Bo\u017cego Narodzenia w kamienicy Krzysztofory prezentowane s\u0105 tradycyjne krakowskie szopki. Jezus przychodzi na \u015bwiat we wn\u0119trzu jednego z krakowskich \u00a0ko\u015bcio\u0142\u00f3w. \u00a0Wykonaj szopk\u0119, \u00a0kt\u00f3ra b\u0119dzie modelem wybranego krakowskiego ko\u015bcio\u0142a.<\/p>\n<p><strong>Wirtualny spacer w czasie<\/strong><\/p>\n<p>Wybierz si\u0119 na wirtualny spacer po Rynku Krakowskim. Spotkaj postacie z przesz\u0142o\u015bci, z literatury, z legend np. Adama Mickiewicza, kt\u00f3ry zejdzie z pomnika, kupca \u015bredniowiecznego, kt\u00f3ry zaprasza Was do stragan\u00f3w w sukiennicach, uczestnika ho\u0142du pruskiego ,kt\u00f3ry w\u0142a\u015bnie opuszcza t\u0119 ceremonie i udaje si\u0119 na uczt\u0119. Mo\u017ce zagadacie z zaczarowanym koniem z doro\u017cki? Mo\u017ce potr\u0105c\u0105 was mieszka\u0144cy strwo\u017ceni napadem Tatar\u00f3w? Miejcie oczy i uszy otwarte. Na krakowskim rynku dziej\u0105 si\u0119 cuda. Opis spaceru musi si\u0119 zmie\u015bci\u0107 na 2 kartkach A4.<\/p>\n<p><strong>Cracow, Krakau, Cracovie<\/strong><\/p>\n<p>Zabierz na spacer po Krakowie cudzoziemca przedstaw mu najpi\u0119kniejsze i najciekawsze miejsca w jego j\u0119zyku<\/p>\n<p><strong>Nobli\u015bci w Krakowie<\/strong><\/p>\n<p>Krak\u00f3w to miasto, w kt\u00f3rym w XX wieku mieszka\u0142o najwi\u0119cej polskich Noblist\u00f3w. Laureatka literackiej Nagrody Nobla tworzy\u0142a limeryki i lepieje.\u00a0 Na wz\u00f3r je tw\u00f3rczo\u015bci u\u0142\u00f3\u017c i Ty przynajmniej jedn\u0105 z tych form literacko-plastycznych.<\/p>\n<p><strong>Na krakowskim rynku<\/strong><\/p>\n<p>Rynek krakowski, zabytkowy i wsp\u00f3\u0142czesny\u00a0 &#8211; fotoreporta\u017c (20 wybranych zdj\u0119\u0107)<\/p>\n<p><strong>Zosta\u0144 m\u0142odym architektem<\/strong> \u2013<\/p>\n<p>szkic fasady wybranego budynku (sfotografuj budynek z r\u00f3\u017cnych stron i zr\u00f3b zbli\u017cenia detali; w domu wykonaj dok\u0142adny szkic, zwracaj\u0105c uwag\u0119 na detale)<\/p>\n<p><strong>Rynek okiem Krakusa<\/strong><\/p>\n<p>Reporta\u017c: na podstawie wywiadu lub wywiad\u00f3w z kwiaciark\u0105, fiakrem i innymi mieszka\u0144cami Krakowa przygotuj w\u0142asn\u0105 relacj\u0119 ze dzisiejszego rynku krakowskiego<\/p>\n<p><strong>Na kalwaryjskich dr\u00f3\u017ckach<\/strong><\/p>\n<p>Przygotuj wystaw\u0119 fotograficzn\u0105 o kapliczkach w Kalwarii Zebrzydowskiej (zr\u00f3b zdj\u0119cia, wybierz najciekawsze i zaprojektuj ciekaw\u0105, efektown\u0105 ekspozycj\u0119)<\/p>\n<p><strong>Kalwaria Karola Wojty\u0142y <\/strong><\/p>\n<p>Spr\u00f3buj wczu\u0107 si\u0119 w nastr\u00f3j Kalwarii Zebrzydowskiej miejsca i wyja\u015bni\u0107 w formie pracy pisemnej dlaczego by\u0142o ono tak wa\u017cne dla Karola Wojty\u0142y \u2013 ch\u0142opca, ksi\u0119dza, papie\u017ca.<\/p>\n<p>&nbsp;<\/p>\n<p style=\"text-align: left;\"><strong><a href=\"http:\/\/polakweuropie.sprjp2.edu.pl\/wp-content\/uploads\/2012\/12\/zadania_ma\u0142opolska1.doc\">Plik do pobrania zada\u0144 w formacie Word \u015bci\u0105gniesz klikaj\u0105c w ten tekst<\/a><\/strong><\/p>\n","protected":false},"excerpt":{"rendered":"<p>Plik do pobrania zada\u0144 w formacie Word \u015bci\u0105gniesz klikaj\u0105c w ten tekst \u201eCudze chwalicie, swojego nie znacie\u201d &nbsp; M\u0141ODY POLAK W EUROPIE MA\u0141OPOLSKA \u2013 zadania z III obszaru &#8211; termin 15 luty Ocali\u0107 od zapomnienia Z wielkiej liczby dawnych drewnianych ko\u015bcio\u0142\u00f3w zosta\u0142o ju\u017c tylko kilkana\u015bcie. Narysuj jeden z drewnianych ko\u015bci\u00f3\u0142k\u00f3w ma\u0142opolskich wpisanych na list\u0119 UNESCO [&hellip;]<\/p>\n","protected":false},"author":1,"featured_media":0,"comment_status":"open","ping_status":"open","sticky":false,"template":"","format":"standard","meta":{"ngg_post_thumbnail":0,"footnotes":""},"categories":[4,7],"tags":[],"class_list":["post-58","post","type-post","status-publish","format-standard","hentry","category-aktualnosci","category-zadania"],"yoast_head":"<!-- This site is optimized with the Yoast SEO plugin v20.5 - https:\/\/yoast.com\/wordpress\/plugins\/seo\/ -->\n<title>MA\u0141OPOLSKA \u2013 zadania z III obszaru - \u201eCudze chwalicie, swego nie znacie...\u201d M\u0142ody Polak w Europie<\/title>\n<meta name=\"robots\" content=\"index, follow, max-snippet:-1, max-image-preview:large, max-video-preview:-1\" \/>\n<link rel=\"canonical\" href=\"https:\/\/polakweuropie.sprjp2.edu.pl\/?p=58\" \/>\n<meta property=\"og:locale\" content=\"pl_PL\" \/>\n<meta property=\"og:type\" content=\"article\" \/>\n<meta property=\"og:title\" content=\"MA\u0141OPOLSKA \u2013 zadania z III obszaru - \u201eCudze chwalicie, swego nie znacie...\u201d M\u0142ody Polak w Europie\" \/>\n<meta property=\"og:description\" content=\"Plik do pobrania zada\u0144 w formacie Word \u015bci\u0105gniesz klikaj\u0105c w ten tekst \u201eCudze chwalicie, swojego nie znacie\u201d &nbsp; M\u0141ODY POLAK W EUROPIE MA\u0141OPOLSKA \u2013 zadania z III obszaru &#8211; termin 15 luty Ocali\u0107 od zapomnienia Z wielkiej liczby dawnych drewnianych ko\u015bcio\u0142\u00f3w zosta\u0142o ju\u017c tylko kilkana\u015bcie. Narysuj jeden z drewnianych ko\u015bci\u00f3\u0142k\u00f3w ma\u0142opolskich wpisanych na list\u0119 UNESCO [&hellip;]\" \/>\n<meta property=\"og:url\" content=\"https:\/\/polakweuropie.sprjp2.edu.pl\/?p=58\" \/>\n<meta property=\"og:site_name\" content=\"\u201eCudze chwalicie, swego nie znacie...\u201d M\u0142ody Polak w Europie\" \/>\n<meta property=\"article:published_time\" content=\"2012-12-21T17:15:19+00:00\" \/>\n<meta property=\"article:modified_time\" content=\"2013-01-09T14:05:17+00:00\" \/>\n<meta name=\"author\" content=\"admin\" \/>\n<meta name=\"twitter:card\" content=\"summary_large_image\" \/>\n<meta name=\"twitter:label1\" content=\"Napisane przez\" \/>\n\t<meta name=\"twitter:data1\" content=\"admin\" \/>\n\t<meta name=\"twitter:label2\" content=\"Szacowany czas czytania\" \/>\n\t<meta name=\"twitter:data2\" content=\"4 minuty\" \/>\n<script type=\"application\/ld+json\" class=\"yoast-schema-graph\">{\"@context\":\"https:\/\/schema.org\",\"@graph\":[{\"@type\":\"WebPage\",\"@id\":\"https:\/\/polakweuropie.sprjp2.edu.pl\/?p=58\",\"url\":\"https:\/\/polakweuropie.sprjp2.edu.pl\/?p=58\",\"name\":\"MA\u0141OPOLSKA \u2013 zadania z III obszaru - \u201eCudze chwalicie, swego nie znacie...\u201d M\u0142ody Polak w Europie\",\"isPartOf\":{\"@id\":\"https:\/\/polakweuropie.sprjp2.edu.pl\/#website\"},\"datePublished\":\"2012-12-21T17:15:19+00:00\",\"dateModified\":\"2013-01-09T14:05:17+00:00\",\"author\":{\"@id\":\"https:\/\/polakweuropie.sprjp2.edu.pl\/#\/schema\/person\/46e8e4737afeabd93bcd3c9ef960cef4\"},\"breadcrumb\":{\"@id\":\"https:\/\/polakweuropie.sprjp2.edu.pl\/?p=58#breadcrumb\"},\"inLanguage\":\"pl-PL\",\"potentialAction\":[{\"@type\":\"ReadAction\",\"target\":[\"https:\/\/polakweuropie.sprjp2.edu.pl\/?p=58\"]}]},{\"@type\":\"BreadcrumbList\",\"@id\":\"https:\/\/polakweuropie.sprjp2.edu.pl\/?p=58#breadcrumb\",\"itemListElement\":[{\"@type\":\"ListItem\",\"position\":1,\"name\":\"Strona g\u0142\u00f3wna\",\"item\":\"https:\/\/polakweuropie.sprjp2.edu.pl\/\"},{\"@type\":\"ListItem\",\"position\":2,\"name\":\"MA\u0141OPOLSKA \u2013 zadania z III obszaru\"}]},{\"@type\":\"WebSite\",\"@id\":\"https:\/\/polakweuropie.sprjp2.edu.pl\/#website\",\"url\":\"https:\/\/polakweuropie.sprjp2.edu.pl\/\",\"name\":\"\u201eCudze chwalicie, swego nie znacie...\u201d M\u0142ody Polak w Europie\",\"description\":\"Projekt w Szkole Podstawowej nr 112 Przymierza Rodzin\",\"potentialAction\":[{\"@type\":\"SearchAction\",\"target\":{\"@type\":\"EntryPoint\",\"urlTemplate\":\"https:\/\/polakweuropie.sprjp2.edu.pl\/?s={search_term_string}\"},\"query-input\":\"required name=search_term_string\"}],\"inLanguage\":\"pl-PL\"},{\"@type\":\"Person\",\"@id\":\"https:\/\/polakweuropie.sprjp2.edu.pl\/#\/schema\/person\/46e8e4737afeabd93bcd3c9ef960cef4\",\"name\":\"admin\",\"image\":{\"@type\":\"ImageObject\",\"inLanguage\":\"pl-PL\",\"@id\":\"https:\/\/polakweuropie.sprjp2.edu.pl\/#\/schema\/person\/image\/\",\"url\":\"https:\/\/secure.gravatar.com\/avatar\/9b5a712af31058c65327544bfadfc108?s=96&d=mm&r=g\",\"contentUrl\":\"https:\/\/secure.gravatar.com\/avatar\/9b5a712af31058c65327544bfadfc108?s=96&d=mm&r=g\",\"caption\":\"admin\"},\"url\":\"https:\/\/polakweuropie.sprjp2.edu.pl\/?author=1\"}]}<\/script>\n<!-- \/ Yoast SEO plugin. -->","yoast_head_json":{"title":"MA\u0141OPOLSKA \u2013 zadania z III obszaru - \u201eCudze chwalicie, swego nie znacie...\u201d M\u0142ody Polak w Europie","robots":{"index":"index","follow":"follow","max-snippet":"max-snippet:-1","max-image-preview":"max-image-preview:large","max-video-preview":"max-video-preview:-1"},"canonical":"https:\/\/polakweuropie.sprjp2.edu.pl\/?p=58","og_locale":"pl_PL","og_type":"article","og_title":"MA\u0141OPOLSKA \u2013 zadania z III obszaru - \u201eCudze chwalicie, swego nie znacie...\u201d M\u0142ody Polak w Europie","og_description":"Plik do pobrania zada\u0144 w formacie Word \u015bci\u0105gniesz klikaj\u0105c w ten tekst \u201eCudze chwalicie, swojego nie znacie\u201d &nbsp; M\u0141ODY POLAK W EUROPIE MA\u0141OPOLSKA \u2013 zadania z III obszaru &#8211; termin 15 luty Ocali\u0107 od zapomnienia Z wielkiej liczby dawnych drewnianych ko\u015bcio\u0142\u00f3w zosta\u0142o ju\u017c tylko kilkana\u015bcie. Narysuj jeden z drewnianych ko\u015bci\u00f3\u0142k\u00f3w ma\u0142opolskich wpisanych na list\u0119 UNESCO [&hellip;]","og_url":"https:\/\/polakweuropie.sprjp2.edu.pl\/?p=58","og_site_name":"\u201eCudze chwalicie, swego nie znacie...\u201d M\u0142ody Polak w Europie","article_published_time":"2012-12-21T17:15:19+00:00","article_modified_time":"2013-01-09T14:05:17+00:00","author":"admin","twitter_card":"summary_large_image","twitter_misc":{"Napisane przez":"admin","Szacowany czas czytania":"4 minuty"},"schema":{"@context":"https:\/\/schema.org","@graph":[{"@type":"WebPage","@id":"https:\/\/polakweuropie.sprjp2.edu.pl\/?p=58","url":"https:\/\/polakweuropie.sprjp2.edu.pl\/?p=58","name":"MA\u0141OPOLSKA \u2013 zadania z III obszaru - \u201eCudze chwalicie, swego nie znacie...\u201d M\u0142ody Polak w Europie","isPartOf":{"@id":"https:\/\/polakweuropie.sprjp2.edu.pl\/#website"},"datePublished":"2012-12-21T17:15:19+00:00","dateModified":"2013-01-09T14:05:17+00:00","author":{"@id":"https:\/\/polakweuropie.sprjp2.edu.pl\/#\/schema\/person\/46e8e4737afeabd93bcd3c9ef960cef4"},"breadcrumb":{"@id":"https:\/\/polakweuropie.sprjp2.edu.pl\/?p=58#breadcrumb"},"inLanguage":"pl-PL","potentialAction":[{"@type":"ReadAction","target":["https:\/\/polakweuropie.sprjp2.edu.pl\/?p=58"]}]},{"@type":"BreadcrumbList","@id":"https:\/\/polakweuropie.sprjp2.edu.pl\/?p=58#breadcrumb","itemListElement":[{"@type":"ListItem","position":1,"name":"Strona g\u0142\u00f3wna","item":"https:\/\/polakweuropie.sprjp2.edu.pl\/"},{"@type":"ListItem","position":2,"name":"MA\u0141OPOLSKA \u2013 zadania z III obszaru"}]},{"@type":"WebSite","@id":"https:\/\/polakweuropie.sprjp2.edu.pl\/#website","url":"https:\/\/polakweuropie.sprjp2.edu.pl\/","name":"\u201eCudze chwalicie, swego nie znacie...\u201d M\u0142ody Polak w Europie","description":"Projekt w Szkole Podstawowej nr 112 Przymierza Rodzin","potentialAction":[{"@type":"SearchAction","target":{"@type":"EntryPoint","urlTemplate":"https:\/\/polakweuropie.sprjp2.edu.pl\/?s={search_term_string}"},"query-input":"required name=search_term_string"}],"inLanguage":"pl-PL"},{"@type":"Person","@id":"https:\/\/polakweuropie.sprjp2.edu.pl\/#\/schema\/person\/46e8e4737afeabd93bcd3c9ef960cef4","name":"admin","image":{"@type":"ImageObject","inLanguage":"pl-PL","@id":"https:\/\/polakweuropie.sprjp2.edu.pl\/#\/schema\/person\/image\/","url":"https:\/\/secure.gravatar.com\/avatar\/9b5a712af31058c65327544bfadfc108?s=96&d=mm&r=g","contentUrl":"https:\/\/secure.gravatar.com\/avatar\/9b5a712af31058c65327544bfadfc108?s=96&d=mm&r=g","caption":"admin"},"url":"https:\/\/polakweuropie.sprjp2.edu.pl\/?author=1"}]}},"_links":{"self":[{"href":"https:\/\/polakweuropie.sprjp2.edu.pl\/index.php?rest_route=\/wp\/v2\/posts\/58"}],"collection":[{"href":"https:\/\/polakweuropie.sprjp2.edu.pl\/index.php?rest_route=\/wp\/v2\/posts"}],"about":[{"href":"https:\/\/polakweuropie.sprjp2.edu.pl\/index.php?rest_route=\/wp\/v2\/types\/post"}],"author":[{"embeddable":true,"href":"https:\/\/polakweuropie.sprjp2.edu.pl\/index.php?rest_route=\/wp\/v2\/users\/1"}],"replies":[{"embeddable":true,"href":"https:\/\/polakweuropie.sprjp2.edu.pl\/index.php?rest_route=%2Fwp%2Fv2%2Fcomments&post=58"}],"version-history":[{"count":6,"href":"https:\/\/polakweuropie.sprjp2.edu.pl\/index.php?rest_route=\/wp\/v2\/posts\/58\/revisions"}],"predecessor-version":[{"id":62,"href":"https:\/\/polakweuropie.sprjp2.edu.pl\/index.php?rest_route=\/wp\/v2\/posts\/58\/revisions\/62"}],"wp:attachment":[{"href":"https:\/\/polakweuropie.sprjp2.edu.pl\/index.php?rest_route=%2Fwp%2Fv2%2Fmedia&parent=58"}],"wp:term":[{"taxonomy":"category","embeddable":true,"href":"https:\/\/polakweuropie.sprjp2.edu.pl\/index.php?rest_route=%2Fwp%2Fv2%2Fcategories&post=58"},{"taxonomy":"post_tag","embeddable":true,"href":"https:\/\/polakweuropie.sprjp2.edu.pl\/index.php?rest_route=%2Fwp%2Fv2%2Ftags&post=58"}],"curies":[{"name":"wp","href":"https:\/\/api.w.org\/{rel}","templated":true}]}}