{"id":511,"date":"2014-01-30T08:52:30","date_gmt":"2014-01-30T07:52:30","guid":{"rendered":"http:\/\/polakweuropie.sprjp2.edu.pl\/?p=511"},"modified":"2014-01-30T08:52:30","modified_gmt":"2014-01-30T07:52:30","slug":"zadania-wschodnie-rubieze-termin-15-marca-2014r","status":"publish","type":"post","link":"https:\/\/polakweuropie.sprjp2.edu.pl\/?p=511","title":{"rendered":"Zadania &#8222;Wschodnie rubie\u017ce&#8221;. Termin 15 marca 2014r."},"content":{"rendered":"<p>Zadania &#8222;Wschodnie rubie\u017ce&#8221;. Termin 15 marca 2014r.<\/p>\n<p><a title=\"Bezpo\u015bredni odno\u015bnik do \" href=\"http:\/\/polakweuropie.sprjp2.edu.pl\/?p=99\"><strong>Na wschodnich rubie\u017cach<\/strong><\/a><strong><\/strong><\/p>\n<p>1.\u00a0\u00a0 \u00a0Miasto Arkad<br \/>\nZamo\u015b\u0107 zosta\u0142 zaprojektowany w czasach renesansu jako miasto idealne. Bywa nazywany \u201ePer\u0142\u0105 Renesansu\u201d, \u201eMiastem Arkad\u201d i \u201ePadw\u0105 P\u00f3\u0142nocy\u201d. Wykonaj <strong>makiet\u0119<\/strong> fragmentu Starego Miasta, kt\u00f3ra potwierdzi te okre\u015blenia Zamo\u015bcia. Wraz z makiet\u0105 dostarcz do szko\u0142y wyja\u015bnienie tych epitet\u00f3w.<\/p>\n<p>2.\u00a0\u00a0 \u00a0Renesansowy spacer<br \/>\nPrzygotuj stroje dla grupy kobiet i m\u0119\u017cczyzn z dzie\u0107mi, w kt\u00f3rych mogliby wybra\u0107 si\u0119 na spacer po renesansowym Zamo\u015bciu. Zwr\u00f3\u0107 uwag\u0119, \u017ce w mie\u015bcie tym mieszkali zar\u00f3wno Polacy, \u017bydzi, jak i Ormianie. W strojach mo\u017cesz wyst\u0105pi\u0107 sam z kolegami albo rodzicami, mo\u017cesz te\u017c ubra\u0107 lalki, Przygotuj <strong>sesj\u0119 zdj\u0119ciow\u0105<\/strong><\/p>\n<p>3.\u00a0\u00a0 \u00a0\u201eTakie s\u0105 rzeczypospolite, jakie ich m\u0142odzie\u017cy chowanie\u201d<br \/>\nTe s\u0142owa kanclerza Jana Zamoyskiego zosta\u0142y zapisane w akcie fundacyjnym Akademii Zamojskiej. Szko\u0142\u0119 mo\u017cna lubi\u0107 lub nie, ale wychowaniem dzieci trzeba si\u0119 zajmowa\u0107. Zastan\u00f3w si\u0119 jak powinna wygl\u0105da\u0107 szko\u0142a; jak najlepiej wychowywa\u0107 dzieci i <strong>zaproponuj<\/strong> <strong>program szko\u0142y<\/strong> oraz przedmioty, kt\u00f3rych warto uczy\u0107 i dlaczego. Pami\u0119taj, \u017ce z Twojej szko\u0142y maj\u0105 wyj\u015b\u0107 obywatele Polski, przyszli pracownicy, lekarze, politycy a tak\u017ce rodzice.<\/p>\n<p>4.\u00a0\u00a0 \u00a0Na mury!!!<br \/>\nZamo\u015b\u0107 otaczaj\u0105 wspania\u0142e fortyfikacje. By\u0142a to jedna z najwa\u017cniejszych twierdz dawnej Rzeczpospolitej. Same wa\u0142y nie obroni\u0105 jednak miasta, potrzebna jest rozmaita bro\u0144, armaty itp. Przygotuj <strong>makiet\u0119<\/strong> <strong>fortyfikacj<\/strong>i, do kt\u00f3rej dodasz ilustracje lub makiety broni renesansowej.<\/p>\n<p>5.\u00a0\u00a0 \u00a0Logo w 3D<br \/>\nParki narodowe maj\u0105 w swoim logo charakterystyczne zwierz\u0119ta. Wybierz jeden z symboli park\u00f3w znajduj\u0105cych si\u0119 na wschodnich rubie\u017cach Polski i przedstaw go w <strong>tr\u00f3jwymiarowej formie<\/strong> (maskotki, p\u0142askorze\u017aby, figurki z modeliny itp.)<\/p>\n<p>6.\u00a0\u00a0 \u00a0Historia mi\u0142osna<br \/>\nMaria Kazimiera d\u2019Arquien zwana kr\u00f3low\u0105 Marysie\u0144k\u0105 zanim zosta\u0142a \u017con\u0105 Jana Sobieskiego by\u0142a \u017con\u0105 Jana Zamoyskiego. <strong>Napisz romantyczn\u0105<\/strong> <strong>histori\u0119<\/strong> jej \u017cycia.<\/p>\n<p>7.\u00a0\u00a0 \u00a0Strrraszne historie\u2026<br \/>\nW dawnych pa\u0142acach, zamkach, klasztorach podziemiach wschodniej Polski grasuj\u0105 liczne duchy i straszyd\u0142a. Wy\u015bled\u017a je i <strong>narysuj<\/strong> <strong>komiks<\/strong> o wybranym duchu np. Bieluchu z podziemi Kredowych Che\u0142ma.<\/p>\n<p>8. Mieszka\u0144cy kres\u00f3w<br \/>\nPrzed II wojn\u0105 \u015bwiatow\u0105 wschodnia Polska by\u0142a zamieszkiwana przez ludno\u015b\u0107 rozmaitych narodowo\u015bci. Sprawd\u017a, co znaczy termin mniejszo\u015bci narodowe. Dowiedz si\u0119 czy obecnie zamieszkuj\u0105 Polsk\u0119 mniejszo\u015bci narodowe, gdzie mo\u017cna spotka\u0107 przedstawicieli innych kultur i jakie \u015blady pozosta\u0142y po nich z dawnych czas\u00f3w. Przygotuj <strong>ilustrowany informator<\/strong> dla uczni\u00f3w twojej klasy o mniejszo\u015bciach narodowych na wschodzie Polski. Dodaj stare zdj\u0119cia i wsp\u00f3\u0142czesne fotografie pami\u0105tek, pozosta\u0142ych po innych kulturach na ziemiach po\u0142udniowo-wschodniej Polski.<\/p>\n<p>9.\u00a0\u00a0 \u00a0Podgl\u0105danie \u017cubr\u00f3w (http:\/\/www.lasy.gov.pl\/zubr)<br \/>\nNa stronie internetowej Las\u00f3w Pa\u0144stwowych kamera podgl\u0105da zwierz\u0119ta przy pa\u015bniku i karmniku w dzie\u0144 i w nocy. <strong>Przeprowad\u017a i opisz<\/strong> <strong>obserwacje<\/strong> o r\u00f3\u017cnych porach dnia: wcze\u015bnie rano, w \u015brodku dnia po po\u0142udniu i p\u00f3\u017anym wieczorem. Spr\u00f3buj rozpozna\u0107 przynajmniej 5 zwierz\u0105t, kt\u00f3re tam przychodz\u0105. Zapisz godziny i czas trwania obserwacji, gatunki zwierz\u0105t i ich wygl\u0105d oraz opisz zachowanie zwierz\u0105t.<\/p>\n<p>10.\u00a0\u00a0 \u00a0Kr\u00f3l puszczy<br \/>\nSprawd\u017a, co s\u0142owo reintrodukcja ma wsp\u00f3lnego z \u017cubrem i przedstaw zawi\u0142\u0105 histori\u0119 tego zwierz\u0119cia w formie <strong>plakatu<\/strong>.<\/p>\n<p>11.\u00a0\u00a0 \u00a0W kniei<br \/>\nPrzygotuj bogato ilustrowan\u0105 <strong>prezentacj\u0119<\/strong> wiosennych widok\u00f3w Puszczy Bia\u0142owieskiej i jej mieszka\u0144c\u00f3w <strong>z odg\u0142osami<\/strong> zwierz\u0105t w tle. Komentarz wraz z wyja\u015bnieniem wszystkich obraz\u00f3w i odg\u0142os\u00f3w powinien by\u0107 zrobiony oddzielnie i dostarczony na osobnej kartce.<\/p>\n<p>12.\u00a0\u00a0 \u00a0Przeprawa przez bagna<br \/>\nBagna i rozlewiska zajmowa\u0142y niegdy\u015b wielkie obszary na terenie Polski; dzi\u015b zosta\u0142o ich niewiele mi\u0119dzy innymi w Poleskim, Biebrza\u0144skim albo Narwia\u0144skim Parku Narodowym. Wyobra\u017a sobie, \u017ce cofn\u0119\u0142a\u015b si\u0119 w przesz\u0142o\u015b\u0107 i musisz przedrze\u0107 si\u0119 przez rozleg\u0142e bagniska. Przygotuj <strong>gr\u0119 planszow\u0105<\/strong> w kt\u00f3rej napotkasz niebezpiecze\u0144stwa, zwierz\u0119ta i ro\u015bliny bagien, Zadbaj o efektown\u0105 grafik\u0119 i bogate ilustracje bagiennego \u015bwiata.<\/p>\n<p>13.\u00a0\u00a0 \u00a0W pogoni za dzikim koniem<br \/>\nJeszcze w XVII po lesistych terenach wschodniej Polski galopowa\u0142y dzikie konie zwane tarpanami. Co si\u0119 z nimi sta\u0142o? Czy ich potomk\u00f3w mo\u017cna jeszcze gdzie\u015b spotka\u0107? Zajrzyj do Zwierzy\u0144ca w Roztocza\u0144skim Parku Narodowym, a wyniki swoich docieka\u0144 opracuj na <strong>plakacie<\/strong>.<\/p>\n<p>14.\u00a0\u00a0\u00a0\u00a0 W Szczebrzeszynie chrz\u0105szcz brzmi w trzcinie &#8211; rebusy<\/p>\n<p>J\u0119zyk polski bywa bardzo trudny dla cudzoziemc\u00f3w: chrz\u0119\u015bci, szele\u015bci, \u015bwiszcze, mo\u017cna sobie po\u0142ama\u0107 j\u0119zyk. Pom\u00f3\u017c cudzoziemcowi przekona\u0107 si\u0119 do naszego j\u0119zyka i narysuj minimum piec <strong>rebus\u00f3w<\/strong> z trudnymi s\u0142owami polskimi.<\/p>\n<p>&nbsp;<\/p>\n<p>15.\u00a0\u00a0\u00a0\u00a0\u00a0\u00a0 Z patelni\u0105 i kamer\u0105 na wschodnich rubie\u017cach<\/p>\n<p>Nakr\u0119\u0107 <strong>odcinek programu kulinarnego<\/strong>, w kt\u00f3rym na wz\u00f3r Roberta Mak\u0142owicza b\u0119dziesz przygotowywa\u0142 kresowe potrawy. Zadbaj o sceneri\u0119.<\/p>\n<p>&nbsp;<\/p>\n<p>16. \u00a0\u00a0\u00a0\u00a0\u00a0 Le\u015bno \u2013 bagienne memory<\/p>\n<p>W Bia\u0142owieskiej puszczy, w\u015br\u00f3d bagien Polesia i rozlewisk Biebrzy i Narwi, na pag\u00f3rkach Roztocza i w dolinie Bugu mieszkaj\u0105 zwierz\u0119ta, kt\u00f3rych nie spotkasz w innych miejscach. Przygotuj <strong>memory<\/strong> z dzikimi mieszka\u0144cami wschodnich teren\u00f3w Polski.<\/p>\n","protected":false},"excerpt":{"rendered":"<p>Zadania &#8222;Wschodnie rubie\u017ce&#8221;. Termin 15 marca 2014r. Na wschodnich rubie\u017cach 1.\u00a0\u00a0 \u00a0Miasto Arkad Zamo\u015b\u0107 zosta\u0142 zaprojektowany w czasach renesansu jako miasto idealne. Bywa nazywany \u201ePer\u0142\u0105 Renesansu\u201d, \u201eMiastem Arkad\u201d i \u201ePadw\u0105 P\u00f3\u0142nocy\u201d. Wykonaj makiet\u0119 fragmentu Starego Miasta, kt\u00f3ra potwierdzi te okre\u015blenia Zamo\u015bcia. Wraz z makiet\u0105 dostarcz do szko\u0142y wyja\u015bnienie tych epitet\u00f3w. 2.\u00a0\u00a0 \u00a0Renesansowy spacer Przygotuj stroje [&hellip;]<\/p>\n","protected":false},"author":1,"featured_media":0,"comment_status":"open","ping_status":"open","sticky":false,"template":"","format":"standard","meta":{"ngg_post_thumbnail":0,"footnotes":""},"categories":[4,13,7],"tags":[],"class_list":["post-511","post","type-post","status-publish","format-standard","hentry","category-aktualnosci","category-wschodnie-rubieze","category-zadania"],"yoast_head":"<!-- This site is optimized with the Yoast SEO plugin v20.5 - https:\/\/yoast.com\/wordpress\/plugins\/seo\/ -->\n<title>Zadania &quot;Wschodnie rubie\u017ce&quot;. Termin 15 marca 2014r. - \u201eCudze chwalicie, swego nie znacie...\u201d M\u0142ody Polak w Europie<\/title>\n<meta name=\"robots\" content=\"index, follow, max-snippet:-1, max-image-preview:large, max-video-preview:-1\" \/>\n<link rel=\"canonical\" href=\"https:\/\/polakweuropie.sprjp2.edu.pl\/?p=511\" \/>\n<meta property=\"og:locale\" content=\"pl_PL\" \/>\n<meta property=\"og:type\" content=\"article\" \/>\n<meta property=\"og:title\" content=\"Zadania &quot;Wschodnie rubie\u017ce&quot;. Termin 15 marca 2014r. - \u201eCudze chwalicie, swego nie znacie...\u201d M\u0142ody Polak w Europie\" \/>\n<meta property=\"og:description\" content=\"Zadania &#8222;Wschodnie rubie\u017ce&#8221;. Termin 15 marca 2014r. Na wschodnich rubie\u017cach 1.\u00a0\u00a0 \u00a0Miasto Arkad Zamo\u015b\u0107 zosta\u0142 zaprojektowany w czasach renesansu jako miasto idealne. Bywa nazywany \u201ePer\u0142\u0105 Renesansu\u201d, \u201eMiastem Arkad\u201d i \u201ePadw\u0105 P\u00f3\u0142nocy\u201d. Wykonaj makiet\u0119 fragmentu Starego Miasta, kt\u00f3ra potwierdzi te okre\u015blenia Zamo\u015bcia. Wraz z makiet\u0105 dostarcz do szko\u0142y wyja\u015bnienie tych epitet\u00f3w. 2.\u00a0\u00a0 \u00a0Renesansowy spacer Przygotuj stroje [&hellip;]\" \/>\n<meta property=\"og:url\" content=\"https:\/\/polakweuropie.sprjp2.edu.pl\/?p=511\" \/>\n<meta property=\"og:site_name\" content=\"\u201eCudze chwalicie, swego nie znacie...\u201d M\u0142ody Polak w Europie\" \/>\n<meta property=\"article:published_time\" content=\"2014-01-30T07:52:30+00:00\" \/>\n<meta name=\"author\" content=\"admin\" \/>\n<meta name=\"twitter:card\" content=\"summary_large_image\" \/>\n<meta name=\"twitter:label1\" content=\"Napisane przez\" \/>\n\t<meta name=\"twitter:data1\" content=\"admin\" \/>\n\t<meta name=\"twitter:label2\" content=\"Szacowany czas czytania\" \/>\n\t<meta name=\"twitter:data2\" content=\"4 minuty\" \/>\n<script type=\"application\/ld+json\" class=\"yoast-schema-graph\">{\"@context\":\"https:\/\/schema.org\",\"@graph\":[{\"@type\":\"WebPage\",\"@id\":\"https:\/\/polakweuropie.sprjp2.edu.pl\/?p=511\",\"url\":\"https:\/\/polakweuropie.sprjp2.edu.pl\/?p=511\",\"name\":\"Zadania \\\"Wschodnie rubie\u017ce\\\". Termin 15 marca 2014r. - \u201eCudze chwalicie, swego nie znacie...\u201d M\u0142ody Polak w Europie\",\"isPartOf\":{\"@id\":\"https:\/\/polakweuropie.sprjp2.edu.pl\/#website\"},\"datePublished\":\"2014-01-30T07:52:30+00:00\",\"dateModified\":\"2014-01-30T07:52:30+00:00\",\"author\":{\"@id\":\"https:\/\/polakweuropie.sprjp2.edu.pl\/#\/schema\/person\/46e8e4737afeabd93bcd3c9ef960cef4\"},\"breadcrumb\":{\"@id\":\"https:\/\/polakweuropie.sprjp2.edu.pl\/?p=511#breadcrumb\"},\"inLanguage\":\"pl-PL\",\"potentialAction\":[{\"@type\":\"ReadAction\",\"target\":[\"https:\/\/polakweuropie.sprjp2.edu.pl\/?p=511\"]}]},{\"@type\":\"BreadcrumbList\",\"@id\":\"https:\/\/polakweuropie.sprjp2.edu.pl\/?p=511#breadcrumb\",\"itemListElement\":[{\"@type\":\"ListItem\",\"position\":1,\"name\":\"Strona g\u0142\u00f3wna\",\"item\":\"https:\/\/polakweuropie.sprjp2.edu.pl\/\"},{\"@type\":\"ListItem\",\"position\":2,\"name\":\"Zadania &#8222;Wschodnie rubie\u017ce&#8221;. Termin 15 marca 2014r.\"}]},{\"@type\":\"WebSite\",\"@id\":\"https:\/\/polakweuropie.sprjp2.edu.pl\/#website\",\"url\":\"https:\/\/polakweuropie.sprjp2.edu.pl\/\",\"name\":\"\u201eCudze chwalicie, swego nie znacie...\u201d M\u0142ody Polak w Europie\",\"description\":\"Projekt w Szkole Podstawowej nr 112 Przymierza Rodzin\",\"potentialAction\":[{\"@type\":\"SearchAction\",\"target\":{\"@type\":\"EntryPoint\",\"urlTemplate\":\"https:\/\/polakweuropie.sprjp2.edu.pl\/?s={search_term_string}\"},\"query-input\":\"required name=search_term_string\"}],\"inLanguage\":\"pl-PL\"},{\"@type\":\"Person\",\"@id\":\"https:\/\/polakweuropie.sprjp2.edu.pl\/#\/schema\/person\/46e8e4737afeabd93bcd3c9ef960cef4\",\"name\":\"admin\",\"image\":{\"@type\":\"ImageObject\",\"inLanguage\":\"pl-PL\",\"@id\":\"https:\/\/polakweuropie.sprjp2.edu.pl\/#\/schema\/person\/image\/\",\"url\":\"https:\/\/secure.gravatar.com\/avatar\/9b5a712af31058c65327544bfadfc108?s=96&d=mm&r=g\",\"contentUrl\":\"https:\/\/secure.gravatar.com\/avatar\/9b5a712af31058c65327544bfadfc108?s=96&d=mm&r=g\",\"caption\":\"admin\"},\"url\":\"https:\/\/polakweuropie.sprjp2.edu.pl\/?author=1\"}]}<\/script>\n<!-- \/ Yoast SEO plugin. -->","yoast_head_json":{"title":"Zadania \"Wschodnie rubie\u017ce\". Termin 15 marca 2014r. - \u201eCudze chwalicie, swego nie znacie...\u201d M\u0142ody Polak w Europie","robots":{"index":"index","follow":"follow","max-snippet":"max-snippet:-1","max-image-preview":"max-image-preview:large","max-video-preview":"max-video-preview:-1"},"canonical":"https:\/\/polakweuropie.sprjp2.edu.pl\/?p=511","og_locale":"pl_PL","og_type":"article","og_title":"Zadania \"Wschodnie rubie\u017ce\". Termin 15 marca 2014r. - \u201eCudze chwalicie, swego nie znacie...\u201d M\u0142ody Polak w Europie","og_description":"Zadania &#8222;Wschodnie rubie\u017ce&#8221;. Termin 15 marca 2014r. Na wschodnich rubie\u017cach 1.\u00a0\u00a0 \u00a0Miasto Arkad Zamo\u015b\u0107 zosta\u0142 zaprojektowany w czasach renesansu jako miasto idealne. Bywa nazywany \u201ePer\u0142\u0105 Renesansu\u201d, \u201eMiastem Arkad\u201d i \u201ePadw\u0105 P\u00f3\u0142nocy\u201d. Wykonaj makiet\u0119 fragmentu Starego Miasta, kt\u00f3ra potwierdzi te okre\u015blenia Zamo\u015bcia. Wraz z makiet\u0105 dostarcz do szko\u0142y wyja\u015bnienie tych epitet\u00f3w. 2.\u00a0\u00a0 \u00a0Renesansowy spacer Przygotuj stroje [&hellip;]","og_url":"https:\/\/polakweuropie.sprjp2.edu.pl\/?p=511","og_site_name":"\u201eCudze chwalicie, swego nie znacie...\u201d M\u0142ody Polak w Europie","article_published_time":"2014-01-30T07:52:30+00:00","author":"admin","twitter_card":"summary_large_image","twitter_misc":{"Napisane przez":"admin","Szacowany czas czytania":"4 minuty"},"schema":{"@context":"https:\/\/schema.org","@graph":[{"@type":"WebPage","@id":"https:\/\/polakweuropie.sprjp2.edu.pl\/?p=511","url":"https:\/\/polakweuropie.sprjp2.edu.pl\/?p=511","name":"Zadania \"Wschodnie rubie\u017ce\". Termin 15 marca 2014r. - \u201eCudze chwalicie, swego nie znacie...\u201d M\u0142ody Polak w Europie","isPartOf":{"@id":"https:\/\/polakweuropie.sprjp2.edu.pl\/#website"},"datePublished":"2014-01-30T07:52:30+00:00","dateModified":"2014-01-30T07:52:30+00:00","author":{"@id":"https:\/\/polakweuropie.sprjp2.edu.pl\/#\/schema\/person\/46e8e4737afeabd93bcd3c9ef960cef4"},"breadcrumb":{"@id":"https:\/\/polakweuropie.sprjp2.edu.pl\/?p=511#breadcrumb"},"inLanguage":"pl-PL","potentialAction":[{"@type":"ReadAction","target":["https:\/\/polakweuropie.sprjp2.edu.pl\/?p=511"]}]},{"@type":"BreadcrumbList","@id":"https:\/\/polakweuropie.sprjp2.edu.pl\/?p=511#breadcrumb","itemListElement":[{"@type":"ListItem","position":1,"name":"Strona g\u0142\u00f3wna","item":"https:\/\/polakweuropie.sprjp2.edu.pl\/"},{"@type":"ListItem","position":2,"name":"Zadania &#8222;Wschodnie rubie\u017ce&#8221;. Termin 15 marca 2014r."}]},{"@type":"WebSite","@id":"https:\/\/polakweuropie.sprjp2.edu.pl\/#website","url":"https:\/\/polakweuropie.sprjp2.edu.pl\/","name":"\u201eCudze chwalicie, swego nie znacie...\u201d M\u0142ody Polak w Europie","description":"Projekt w Szkole Podstawowej nr 112 Przymierza Rodzin","potentialAction":[{"@type":"SearchAction","target":{"@type":"EntryPoint","urlTemplate":"https:\/\/polakweuropie.sprjp2.edu.pl\/?s={search_term_string}"},"query-input":"required name=search_term_string"}],"inLanguage":"pl-PL"},{"@type":"Person","@id":"https:\/\/polakweuropie.sprjp2.edu.pl\/#\/schema\/person\/46e8e4737afeabd93bcd3c9ef960cef4","name":"admin","image":{"@type":"ImageObject","inLanguage":"pl-PL","@id":"https:\/\/polakweuropie.sprjp2.edu.pl\/#\/schema\/person\/image\/","url":"https:\/\/secure.gravatar.com\/avatar\/9b5a712af31058c65327544bfadfc108?s=96&d=mm&r=g","contentUrl":"https:\/\/secure.gravatar.com\/avatar\/9b5a712af31058c65327544bfadfc108?s=96&d=mm&r=g","caption":"admin"},"url":"https:\/\/polakweuropie.sprjp2.edu.pl\/?author=1"}]}},"_links":{"self":[{"href":"https:\/\/polakweuropie.sprjp2.edu.pl\/index.php?rest_route=\/wp\/v2\/posts\/511"}],"collection":[{"href":"https:\/\/polakweuropie.sprjp2.edu.pl\/index.php?rest_route=\/wp\/v2\/posts"}],"about":[{"href":"https:\/\/polakweuropie.sprjp2.edu.pl\/index.php?rest_route=\/wp\/v2\/types\/post"}],"author":[{"embeddable":true,"href":"https:\/\/polakweuropie.sprjp2.edu.pl\/index.php?rest_route=\/wp\/v2\/users\/1"}],"replies":[{"embeddable":true,"href":"https:\/\/polakweuropie.sprjp2.edu.pl\/index.php?rest_route=%2Fwp%2Fv2%2Fcomments&post=511"}],"version-history":[{"count":1,"href":"https:\/\/polakweuropie.sprjp2.edu.pl\/index.php?rest_route=\/wp\/v2\/posts\/511\/revisions"}],"predecessor-version":[{"id":512,"href":"https:\/\/polakweuropie.sprjp2.edu.pl\/index.php?rest_route=\/wp\/v2\/posts\/511\/revisions\/512"}],"wp:attachment":[{"href":"https:\/\/polakweuropie.sprjp2.edu.pl\/index.php?rest_route=%2Fwp%2Fv2%2Fmedia&parent=511"}],"wp:term":[{"taxonomy":"category","embeddable":true,"href":"https:\/\/polakweuropie.sprjp2.edu.pl\/index.php?rest_route=%2Fwp%2Fv2%2Fcategories&post=511"},{"taxonomy":"post_tag","embeddable":true,"href":"https:\/\/polakweuropie.sprjp2.edu.pl\/index.php?rest_route=%2Fwp%2Fv2%2Ftags&post=511"}],"curies":[{"name":"wp","href":"https:\/\/api.w.org\/{rel}","templated":true}]}}