{"id":507,"date":"2014-01-09T13:47:27","date_gmt":"2014-01-09T12:47:27","guid":{"rendered":"http:\/\/polakweuropie.sprjp2.edu.pl\/?p=507"},"modified":"2014-01-17T12:12:10","modified_gmt":"2014-01-17T11:12:10","slug":"zadania-slask-2","status":"publish","type":"post","link":"https:\/\/polakweuropie.sprjp2.edu.pl\/?p=507","title":{"rendered":"Zadania \u015al\u0105sk"},"content":{"rendered":"<p>Zadania\u00a0 \u015aL\u0104SK \u2013 termin 31 stycznia<\/p>\n<p>Oto zadania z kolejnego obszaru: tym razem \u015al\u0105sk czyli po\u0142udniowo-zachodnia Polska. Termin do 31 stycznia. \u017byczymy powodzenia<\/p>\n<p>1. NIEZWYK\u0141E KONSTRUKCJE ARCHITEKTONICZNE<br \/>\nXIX wieczni konstruktorzy posiadali ogromne umiej\u0119tno\u015bci in\u017cynierskie. Nie<br \/>\ntylko wie\u017ca Eiffla w Pary\u017cu jest tego dowodem. A w Polsce mamy ju\u017c z XVII<br \/>\nwieku Ko\u015bcio\u0142y Pokoju w \u015awidnicy i Jaworze oraz XIX-wieczn\u0105 Hal\u0119 Stulecia we<br \/>\nWroc\u0142awiu. Dowiedz si\u0119 dlaczego te budowle s\u0105 niezwyk\u0142e. Wykonaj model jednej<br \/>\nz tych budowli, wykorzystuj\u0105c dowolne materia\u0142y<\/p>\n<p>2.\u00a0\u00a0 \u00a0\u201eKrasnoludki\u2026s\u0105 na \u015bwiecie\u201d<br \/>\nW latach 80-tych XX wieku na ulicach Wroc\u0142awia cz\u0119sto pojawia\u0142y si\u0119 krasnoludki. Sprawd\u017a, sk\u0105d si\u0119 wzi\u0119\u0142y i dlaczego, co maj\u0105 wsp\u00f3lnego z kolorem pomara\u0144czowym. Dowiedz si\u0119, gdzie w Warszawie zachowa\u0142 si\u0119 taki krasnoludek i koniecznie si\u0119 z nim sfotografuj. Obejrzyj krasnale, kt\u00f3re kryj\u0105 si\u0119 do dzi\u015b na ulicach Wroc\u0142awia i zaprojektuj jeszcze jednego, kt\u00f3ry m\u00f3g\u0142by si\u0119 tam znale\u017a\u0107.<\/p>\n<p>3.\u00a0\u00a0 \u00a0\u015aredniowieczne miasto<br \/>\nW opisach i na planie Wroc\u0142awia odnajd\u017a elementy \u015bredniowieczne: ratusz, pr\u0119gierz, po\u0142\u0105czone kamienice, jatki, katedra, ko\u015bci\u00f3\u0142 farny, studnia miejska, waga miejska, plac targowy. Sprawd\u017a, czy Wroc\u0142aw mia\u0142 wtedy mury miejskie i czy Odr\u0119 mo\u017cna by\u0142o przekroczy\u0107 po mo\u015bcie? Zaproponuj tras\u0119 spacerow\u0105 po \u015bredniowiecznym mie\u015bcie. Wska\u017c zabytki, kt\u00f3re przetrwa\u0142y w cz\u0119\u015bci lub w ca\u0142o\u015bci do naszych czas\u00f3w.<\/p>\n<p>4.\u00a0\u00a0 \u00a0W pracowni kartografa<br \/>\nBurmistrz Wroc\u0142awia zleci\u0142 Ci trudn\u0105 robot\u0119. Musisz narysowa\u0107 plan Wroc\u0142awia. Postaraj si\u0119 nada\u0107 dokumentowi \u015bredniowieczny charakter i przedstawi\u0107 dawne budowle Wroc\u0142awia w ich \u015bredniowiecznej postaci.<\/p>\n<p>5.\u00a0\u00a0 \u00a0Papieski pomnik<br \/>\nWe Wroc\u0142awiu stoi pomnik jednego z papie\u017cy i wcale nie jest to pomnik Jana Paw\u0142a II. Kto to jest? Co takiego zrobi\u0142 ten dostojnik Ko\u015bcio\u0142a dla Wroc\u0142awia? Opisz to swoimi s\u0142owami w spos\u00f3b zrozumia\u0142y dla Twojej klasy.<\/p>\n<p>6.\u00a0\u00a0 \u00a0Mini panorama<br \/>\nWe Wroc\u0142awiu znajduje si\u0119 olbrzymie malowid\u0142o o d\u0142ugo\u015bci 114 metr\u00f3w i wysoko\u015bci 5 metr\u00f3w, przedstawiaj\u0105ce jedn\u0105 z bitew Powstania Ko\u015bciuszkowskiego. Obejrzyj je w Internecie i namaluj, najlepiej w kilkuosobowej grupie, jakie\u015b inne wa\u017cne wydarzenie na kilku arkuszach szarego papieru.<\/p>\n<p>7.\u00a0\u00a0 \u00a0\u015awi\u0119ta \u017byd\u00f3wka<br \/>\n\u015awi\u0119ta Edyta Stein pochodzi z Wroc\u0142awia. Dowiedz si\u0119, jak wygl\u0105da\u0142o jej \u017cycie rodzinne. Jakie pami\u0105tki mog\u0142y po niej zosta\u0107? Dok\u0105d wyjecha\u0142a? Co wa\u017cnego w \u017cyciu zrobi\u0142a? Co wydarzy\u0142o si\u0119 w czasie II wojny \u015bwiatowej? Przeprowad\u017a i zapisz wywiad ze \u015bwi\u0119t\u0105.<\/p>\n<p>8.\u00a0\u00a0 \u00a0Festung Breslau<br \/>\nPrzez ok. 700 lat Wroc\u0142aw nie nale\u017ca\u0142 do Polski. Pod koniec II wojny \u015bwiatowej we Wroc\u0142awiu, zamienionym na twierdz\u0119 zwan\u0105 Festung Breslau bronili si\u0119 Niemcy przed Armi\u0105 Czerwon\u0105. Obrona twierdzy by\u0142a bardzo dramatyczna, szczeg\u00f3lnie dla ludno\u015bci cywilnej. Poszukaj informacji na ten temat i narysuj komiks historyczny<\/p>\n<p>9.\u00a0\u00a0 \u00a0Sekrety m\u0142ynarza<br \/>\nSk\u0105d si\u0119 bierze m\u0105ka? Jak si\u0119 j\u0105 produkuje? Jak produkowano j\u0105 dawniej? Czym r\u00f3\u017cni si\u0119 od innych m\u0105ka wroc\u0142awska i kto j\u0105 wymy\u015bli\u0142? Ujawnij sekrety m\u0142ynarza w ciekawej, plastycznej formie<\/p>\n<p>10.\u00a0\u00a0 \u00a0Z kamer\u0105 w\u015br\u00f3d zwierz\u0105t<br \/>\nPrzez lata we Wroc\u0142awskim ZOO kr\u0119cony by\u0142 program przyrodniczy \u201eZ kamer\u0105 w\u015br\u00f3d zwierz\u0105t\u201d. Odszukaj informacje o tym programie i spr\u00f3buj znale\u017a\u0107 w Internecie (z pomoc\u0105 rodzic\u00f3w) archiwalne programy. Nakr\u0119\u0107 filmik o swoim zwierz\u0105tku domowym (psie, kocie, rybkach, patyczaku) lub jednym ze zwierz\u0105tek szkolnych w stylu tego programu.<\/p>\n<p>11.\u00a0\u00a0 \u00a0Zosta\u0144 architektem krajobrazu<br \/>\nPark Mu\u017cakowski to wielki park w stylu angielskim na granicy polsko-niemieckiej. Obejrzyj w Internecie jego zdj\u0119cia, sprawd\u017a na czym polega styl angielski. Zaprojektuj ogr\u00f3d w stylu angielskim (ogr\u00f3d \u015bredniej wielko\u015bci, taki jak przy wielu domach jednorodzinnych)<\/p>\n<p>12.\u00a0\u00a0 \u00a0Happening<br \/>\nW latach 80-tych XX wieku na ulicach Wroc\u0142awia i innych miast Polski dzia\u0142a\u0142a Pomara\u0144czowa Alternatywa. Na czym polega\u0142y jej akcje? Co to jest happening? Zaprojektuj, zorganizuj i sfilmuj happening na szkolnym korytarzu.<\/p>\n<p>13.\u00a0\u00a0 \u00a0Domowa drukarenka<br \/>\nWe Wroc\u0142awiu powsta\u0142 pierwszy drukowany tekst w j\u0119zyku polskim. Kiedy to by\u0142o i co zawiera\u0142? By\u0107 mo\u017ce masz piecz\u0105tki z literkami (mo\u017cesz te\u017c zrobi\u0107 czcionki np z gumek) Za ich pomoc\u0105 wydrukuj jedno zdanie na temat pierwszego druku po polsku.<\/p>\n<p>14.\u00a0\u00a0 \u00a0Nie tylko w Hollywood<br \/>\nW Polsce, w Karkonoszach kr\u0119cono sceny jednego z film\u00f3w o Narni. Kt\u00f3ry to film? Odnajd\u017a te sceny na filmie, poszukaj zdj\u0119\u0107 z tych miejsc. Wymy\u015bl jaki inny film (istniej\u0105cy lub nie), mo\u017cna by nakr\u0119ci\u0107 w tej okolicy? Przygotuj ilustrowan\u0105 propozycj\u0119 dla re\u017cysera<\/p>\n<p>15.\u00a0\u00a0 \u00a0\u015acie\u017cki Ducha G\u00f3r<br \/>\nNiemcy nazywali go R\u00fcbezahlem, Czesi Krkonoszem a Polacy Liczyrzep\u0105 \u2013 Duch G\u00f3r mo\u017ce przeprowadzi\u0107 si\u0119 przez\u00a0 Karkonosze i ukaza\u0107 ich niezwyk\u0142e pi\u0119kno. Przygotuj gr\u0119 planszow\u0105 opart\u0105 na legendach i najciekawszych miejscach Karkonoszy.<\/p>\n<p>16.\u00a0\u00a0 \u00a0Krymina\u0142 z histori\u0105 w tle<br \/>\nPod koniec XX wieku, w \u015arodzie \u015al\u0105skiej, podczas kopania fundament\u00f3w pod<br \/>\nwsp\u00f3\u0142czesny bank, odkryto skarb \u015bredniowiecznego bankiera. Cz\u0119\u015b\u0107 kosztowno\u015bci<br \/>\nuda\u0142o si\u0119 zabezpieczy\u0107 i znajduj\u0105 si\u0119 w Muzeum w \u015arodzie \u015al\u0105skiej, reszta<br \/>\n\u201erozesz\u0142a si\u0119\u201d w\u015br\u00f3d\u00a0 okolicznych mieszka\u0144c\u00f3w.\u00a0 Napisz opowie\u015b\u0107<br \/>\ndetektywistyczn\u0105, w kt\u00f3rej nieoczekiwane odkrycie b\u0119dzie osnow\u0105 intrygi<br \/>\nkryminalnej.<\/p>\n<p>17.\u00a0\u00a0\u00a0\u00a0\u00a0\u00a0 Powstania \u015bl\u0105skie \u2013 makieta<\/p>\n<p>Po I wojnie \u015bwiatowej trwa\u0142y spory o \u015al\u0105sk, kt\u00f3ry chcieli mie\u0107 w swoim pa\u0144stwie zar\u00f3wno Niemcy, jak i Polacy. Dosz\u0142o do walk zbrojnych przygotuj makiet\u0119 jednej z bitew jednego z trzech powsta\u0144 \u015bl\u0105skich, np. bitwy o Gore sw. Anny.<\/p>\n<p>18. Sensacje XX wieku<\/p>\n<p>Podczas II wojny \u015bwiatowej Nemy zbudowali w Walimiu, Rzeczce i pi\u0119ciu innych miejscach podziemne miasta. Obejrzyj te konstrukcje, poczytaj przekazy i napisz swoja wersje scenariusza dla Bogus\u0142awa Wo\u0142osza\u0144skiego.<\/p>\n<p>&nbsp;<\/p>\n","protected":false},"excerpt":{"rendered":"<p>Zadania\u00a0 \u015aL\u0104SK \u2013 termin 31 stycznia Oto zadania z kolejnego obszaru: tym razem \u015al\u0105sk czyli po\u0142udniowo-zachodnia Polska. Termin do 31 stycznia. \u017byczymy powodzenia 1. NIEZWYK\u0141E KONSTRUKCJE ARCHITEKTONICZNE XIX wieczni konstruktorzy posiadali ogromne umiej\u0119tno\u015bci in\u017cynierskie. Nie tylko wie\u017ca Eiffla w Pary\u017cu jest tego dowodem. A w Polsce mamy ju\u017c z XVII wieku Ko\u015bcio\u0142y Pokoju w \u015awidnicy [&hellip;]<\/p>\n","protected":false},"author":1,"featured_media":0,"comment_status":"open","ping_status":"open","sticky":false,"template":"","format":"standard","meta":{"ngg_post_thumbnail":0,"footnotes":""},"categories":[4,11,7],"tags":[],"class_list":["post-507","post","type-post","status-publish","format-standard","hentry","category-aktualnosci","category-slask","category-zadania"],"yoast_head":"<!-- This site is optimized with the Yoast SEO plugin v20.5 - https:\/\/yoast.com\/wordpress\/plugins\/seo\/ -->\n<title>Zadania \u015al\u0105sk - \u201eCudze chwalicie, swego nie znacie...\u201d M\u0142ody Polak w Europie<\/title>\n<meta name=\"robots\" content=\"index, follow, max-snippet:-1, max-image-preview:large, max-video-preview:-1\" \/>\n<link rel=\"canonical\" href=\"https:\/\/polakweuropie.sprjp2.edu.pl\/?p=507\" \/>\n<meta property=\"og:locale\" content=\"pl_PL\" \/>\n<meta property=\"og:type\" content=\"article\" \/>\n<meta property=\"og:title\" content=\"Zadania \u015al\u0105sk - \u201eCudze chwalicie, swego nie znacie...\u201d M\u0142ody Polak w Europie\" \/>\n<meta property=\"og:description\" content=\"Zadania\u00a0 \u015aL\u0104SK \u2013 termin 31 stycznia Oto zadania z kolejnego obszaru: tym razem \u015al\u0105sk czyli po\u0142udniowo-zachodnia Polska. Termin do 31 stycznia. \u017byczymy powodzenia 1. NIEZWYK\u0141E KONSTRUKCJE ARCHITEKTONICZNE XIX wieczni konstruktorzy posiadali ogromne umiej\u0119tno\u015bci in\u017cynierskie. Nie tylko wie\u017ca Eiffla w Pary\u017cu jest tego dowodem. A w Polsce mamy ju\u017c z XVII wieku Ko\u015bcio\u0142y Pokoju w \u015awidnicy [&hellip;]\" \/>\n<meta property=\"og:url\" content=\"https:\/\/polakweuropie.sprjp2.edu.pl\/?p=507\" \/>\n<meta property=\"og:site_name\" content=\"\u201eCudze chwalicie, swego nie znacie...\u201d M\u0142ody Polak w Europie\" \/>\n<meta property=\"article:published_time\" content=\"2014-01-09T12:47:27+00:00\" \/>\n<meta property=\"article:modified_time\" content=\"2014-01-17T11:12:10+00:00\" \/>\n<meta name=\"author\" content=\"admin\" \/>\n<meta name=\"twitter:card\" content=\"summary_large_image\" \/>\n<meta name=\"twitter:label1\" content=\"Napisane przez\" \/>\n\t<meta name=\"twitter:data1\" content=\"admin\" \/>\n\t<meta name=\"twitter:label2\" content=\"Szacowany czas czytania\" \/>\n\t<meta name=\"twitter:data2\" content=\"5 minut\" \/>\n<script type=\"application\/ld+json\" class=\"yoast-schema-graph\">{\"@context\":\"https:\/\/schema.org\",\"@graph\":[{\"@type\":\"WebPage\",\"@id\":\"https:\/\/polakweuropie.sprjp2.edu.pl\/?p=507\",\"url\":\"https:\/\/polakweuropie.sprjp2.edu.pl\/?p=507\",\"name\":\"Zadania \u015al\u0105sk - \u201eCudze chwalicie, swego nie znacie...\u201d M\u0142ody Polak w Europie\",\"isPartOf\":{\"@id\":\"https:\/\/polakweuropie.sprjp2.edu.pl\/#website\"},\"datePublished\":\"2014-01-09T12:47:27+00:00\",\"dateModified\":\"2014-01-17T11:12:10+00:00\",\"author\":{\"@id\":\"https:\/\/polakweuropie.sprjp2.edu.pl\/#\/schema\/person\/46e8e4737afeabd93bcd3c9ef960cef4\"},\"breadcrumb\":{\"@id\":\"https:\/\/polakweuropie.sprjp2.edu.pl\/?p=507#breadcrumb\"},\"inLanguage\":\"pl-PL\",\"potentialAction\":[{\"@type\":\"ReadAction\",\"target\":[\"https:\/\/polakweuropie.sprjp2.edu.pl\/?p=507\"]}]},{\"@type\":\"BreadcrumbList\",\"@id\":\"https:\/\/polakweuropie.sprjp2.edu.pl\/?p=507#breadcrumb\",\"itemListElement\":[{\"@type\":\"ListItem\",\"position\":1,\"name\":\"Strona g\u0142\u00f3wna\",\"item\":\"https:\/\/polakweuropie.sprjp2.edu.pl\/\"},{\"@type\":\"ListItem\",\"position\":2,\"name\":\"Zadania \u015al\u0105sk\"}]},{\"@type\":\"WebSite\",\"@id\":\"https:\/\/polakweuropie.sprjp2.edu.pl\/#website\",\"url\":\"https:\/\/polakweuropie.sprjp2.edu.pl\/\",\"name\":\"\u201eCudze chwalicie, swego nie znacie...\u201d M\u0142ody Polak w Europie\",\"description\":\"Projekt w Szkole Podstawowej nr 112 Przymierza Rodzin\",\"potentialAction\":[{\"@type\":\"SearchAction\",\"target\":{\"@type\":\"EntryPoint\",\"urlTemplate\":\"https:\/\/polakweuropie.sprjp2.edu.pl\/?s={search_term_string}\"},\"query-input\":\"required name=search_term_string\"}],\"inLanguage\":\"pl-PL\"},{\"@type\":\"Person\",\"@id\":\"https:\/\/polakweuropie.sprjp2.edu.pl\/#\/schema\/person\/46e8e4737afeabd93bcd3c9ef960cef4\",\"name\":\"admin\",\"image\":{\"@type\":\"ImageObject\",\"inLanguage\":\"pl-PL\",\"@id\":\"https:\/\/polakweuropie.sprjp2.edu.pl\/#\/schema\/person\/image\/\",\"url\":\"https:\/\/secure.gravatar.com\/avatar\/9b5a712af31058c65327544bfadfc108?s=96&d=mm&r=g\",\"contentUrl\":\"https:\/\/secure.gravatar.com\/avatar\/9b5a712af31058c65327544bfadfc108?s=96&d=mm&r=g\",\"caption\":\"admin\"},\"url\":\"https:\/\/polakweuropie.sprjp2.edu.pl\/?author=1\"}]}<\/script>\n<!-- \/ Yoast SEO plugin. -->","yoast_head_json":{"title":"Zadania \u015al\u0105sk - \u201eCudze chwalicie, swego nie znacie...\u201d M\u0142ody Polak w Europie","robots":{"index":"index","follow":"follow","max-snippet":"max-snippet:-1","max-image-preview":"max-image-preview:large","max-video-preview":"max-video-preview:-1"},"canonical":"https:\/\/polakweuropie.sprjp2.edu.pl\/?p=507","og_locale":"pl_PL","og_type":"article","og_title":"Zadania \u015al\u0105sk - \u201eCudze chwalicie, swego nie znacie...\u201d M\u0142ody Polak w Europie","og_description":"Zadania\u00a0 \u015aL\u0104SK \u2013 termin 31 stycznia Oto zadania z kolejnego obszaru: tym razem \u015al\u0105sk czyli po\u0142udniowo-zachodnia Polska. Termin do 31 stycznia. \u017byczymy powodzenia 1. NIEZWYK\u0141E KONSTRUKCJE ARCHITEKTONICZNE XIX wieczni konstruktorzy posiadali ogromne umiej\u0119tno\u015bci in\u017cynierskie. Nie tylko wie\u017ca Eiffla w Pary\u017cu jest tego dowodem. A w Polsce mamy ju\u017c z XVII wieku Ko\u015bcio\u0142y Pokoju w \u015awidnicy [&hellip;]","og_url":"https:\/\/polakweuropie.sprjp2.edu.pl\/?p=507","og_site_name":"\u201eCudze chwalicie, swego nie znacie...\u201d M\u0142ody Polak w Europie","article_published_time":"2014-01-09T12:47:27+00:00","article_modified_time":"2014-01-17T11:12:10+00:00","author":"admin","twitter_card":"summary_large_image","twitter_misc":{"Napisane przez":"admin","Szacowany czas czytania":"5 minut"},"schema":{"@context":"https:\/\/schema.org","@graph":[{"@type":"WebPage","@id":"https:\/\/polakweuropie.sprjp2.edu.pl\/?p=507","url":"https:\/\/polakweuropie.sprjp2.edu.pl\/?p=507","name":"Zadania \u015al\u0105sk - \u201eCudze chwalicie, swego nie znacie...\u201d M\u0142ody Polak w Europie","isPartOf":{"@id":"https:\/\/polakweuropie.sprjp2.edu.pl\/#website"},"datePublished":"2014-01-09T12:47:27+00:00","dateModified":"2014-01-17T11:12:10+00:00","author":{"@id":"https:\/\/polakweuropie.sprjp2.edu.pl\/#\/schema\/person\/46e8e4737afeabd93bcd3c9ef960cef4"},"breadcrumb":{"@id":"https:\/\/polakweuropie.sprjp2.edu.pl\/?p=507#breadcrumb"},"inLanguage":"pl-PL","potentialAction":[{"@type":"ReadAction","target":["https:\/\/polakweuropie.sprjp2.edu.pl\/?p=507"]}]},{"@type":"BreadcrumbList","@id":"https:\/\/polakweuropie.sprjp2.edu.pl\/?p=507#breadcrumb","itemListElement":[{"@type":"ListItem","position":1,"name":"Strona g\u0142\u00f3wna","item":"https:\/\/polakweuropie.sprjp2.edu.pl\/"},{"@type":"ListItem","position":2,"name":"Zadania \u015al\u0105sk"}]},{"@type":"WebSite","@id":"https:\/\/polakweuropie.sprjp2.edu.pl\/#website","url":"https:\/\/polakweuropie.sprjp2.edu.pl\/","name":"\u201eCudze chwalicie, swego nie znacie...\u201d M\u0142ody Polak w Europie","description":"Projekt w Szkole Podstawowej nr 112 Przymierza Rodzin","potentialAction":[{"@type":"SearchAction","target":{"@type":"EntryPoint","urlTemplate":"https:\/\/polakweuropie.sprjp2.edu.pl\/?s={search_term_string}"},"query-input":"required name=search_term_string"}],"inLanguage":"pl-PL"},{"@type":"Person","@id":"https:\/\/polakweuropie.sprjp2.edu.pl\/#\/schema\/person\/46e8e4737afeabd93bcd3c9ef960cef4","name":"admin","image":{"@type":"ImageObject","inLanguage":"pl-PL","@id":"https:\/\/polakweuropie.sprjp2.edu.pl\/#\/schema\/person\/image\/","url":"https:\/\/secure.gravatar.com\/avatar\/9b5a712af31058c65327544bfadfc108?s=96&d=mm&r=g","contentUrl":"https:\/\/secure.gravatar.com\/avatar\/9b5a712af31058c65327544bfadfc108?s=96&d=mm&r=g","caption":"admin"},"url":"https:\/\/polakweuropie.sprjp2.edu.pl\/?author=1"}]}},"_links":{"self":[{"href":"https:\/\/polakweuropie.sprjp2.edu.pl\/index.php?rest_route=\/wp\/v2\/posts\/507"}],"collection":[{"href":"https:\/\/polakweuropie.sprjp2.edu.pl\/index.php?rest_route=\/wp\/v2\/posts"}],"about":[{"href":"https:\/\/polakweuropie.sprjp2.edu.pl\/index.php?rest_route=\/wp\/v2\/types\/post"}],"author":[{"embeddable":true,"href":"https:\/\/polakweuropie.sprjp2.edu.pl\/index.php?rest_route=\/wp\/v2\/users\/1"}],"replies":[{"embeddable":true,"href":"https:\/\/polakweuropie.sprjp2.edu.pl\/index.php?rest_route=%2Fwp%2Fv2%2Fcomments&post=507"}],"version-history":[{"count":3,"href":"https:\/\/polakweuropie.sprjp2.edu.pl\/index.php?rest_route=\/wp\/v2\/posts\/507\/revisions"}],"predecessor-version":[{"id":510,"href":"https:\/\/polakweuropie.sprjp2.edu.pl\/index.php?rest_route=\/wp\/v2\/posts\/507\/revisions\/510"}],"wp:attachment":[{"href":"https:\/\/polakweuropie.sprjp2.edu.pl\/index.php?rest_route=%2Fwp%2Fv2%2Fmedia&parent=507"}],"wp:term":[{"taxonomy":"category","embeddable":true,"href":"https:\/\/polakweuropie.sprjp2.edu.pl\/index.php?rest_route=%2Fwp%2Fv2%2Fcategories&post=507"},{"taxonomy":"post_tag","embeddable":true,"href":"https:\/\/polakweuropie.sprjp2.edu.pl\/index.php?rest_route=%2Fwp%2Fv2%2Ftags&post=507"}],"curies":[{"name":"wp","href":"https:\/\/api.w.org\/{rel}","templated":true}]}}