{"id":5,"date":"2012-11-15T11:58:41","date_gmt":"2012-11-15T10:58:41","guid":{"rendered":"http:\/\/polakweuropie.sprjp2.edu.pl\/?p=5"},"modified":"2012-11-15T11:58:41","modified_gmt":"2012-11-15T10:58:41","slug":"regulamin","status":"publish","type":"post","link":"https:\/\/polakweuropie.sprjp2.edu.pl\/?p=5","title":{"rendered":"Regulamin"},"content":{"rendered":"<p><strong>\u201eCUDZE CHWALICIE, SWEGO NIE ZNACIE\u00a0 &#8211; czyli polskie dziedzictwo w Europie\u201d<\/strong><\/p>\n<p>Uwaga &#8211; od dnia 15.11.2012r nast\u0105pi\u0142y zmiany w regulaminie w punktach: 4,6 i 7 dotycz\u0105ce termin\u00f3w i punktacji.<\/p>\n<p>Projekt adresowany do uczni\u00f3w klas IV \u2013 VI Szko\u0142y Podstawowej Przymierza Rodzin im. Jana Paw\u0142a II w Warszawie, realizowany przy \u017cyczliwej wsp\u00f3\u0142pracy rodzic\u00f3w i nauczycieli.<\/p>\n<h2>1.<\/h2>\n<p>Projekt europejski ma przybli\u017ca\u0107 uczniom klas IV-VI\u00a0 dziedzictwo Polski w Europie, szczeg\u00f3lnie wyj\u0105tkowe osi\u0105gni\u0119cia kultury i natury wpisane na List\u0119 \u015awiatowego Dziedzictwa Kulturowego i Naturalnego UNESCO (rezygnujemy z zada\u0144 dla dzieci dotycz\u0105ce Auschwitz-Birkenau). Na li\u015bcie tej znajduje si\u0119\u00a0 dot\u0105d\u00a0 13 obszar\u00f3w dziedzictwa,\u00a0 w niekt\u00f3rych sytuacjach projekt b\u0119dzie sugerowa\u0142 poznanie mniej znanych, a te\u017c ciekawych obiekt\u00f3w historycznych lub przyrodniczych, zw\u0142aszcza w Warszawie i na Mazowszu. Systematyczne wykonywanie zada\u0144 prowadzi do zdobycia odznaki \u2013 M\u0142ody Polak w Europie, przyznawanej na uroczysto\u015bciach zwi\u0105zanych ze \u015awi\u0119tem\u00a0 Konstytucj\u0105 3 Maja..<\/p>\n<h2>2.<\/h2>\n<p>Projekty wykonywane przez uczni\u00f3w maj\u0105 za zadanie:<\/p>\n<ul>\n<li>rozbudzenie ciekawo\u015bci i zainteresowanie bogactwem kulturowym i przyrodniczym swojego kraju,<\/li>\n<li>rozwijanie ich umiej\u0119tno\u015bci \u2013 (np. rozpoznawanie tego, co wyj\u0105tkowe kulturze polskiej, co wyr\u00f3\u017cnia j\u0105 w Europie, oprowadzanie w j\u0119zyku obcym po wybranych obiektach polskiego dziedzictwa,<\/li>\n<li>trenowanie pos\u0142ugiwania si\u0119 technikami informatycznym \u2013 poszukiwanie informacji i rozliczanie si\u0119 z zada\u0144 umieszczonych na platformie informatycznej,<\/li>\n<li>zdobywanie wiedzy w ciekawy spos\u00f3b (gry miejskie, zwiedzanie i warsztaty),<\/li>\n<li>\u0106wiczenie\u00a0 umiej\u0119tno\u015bci wsp\u00f3\u0142pracy \u2013 grupowe zadania i integracja klasy wok\u00f3\u0142 zada\u0144 intelektualnych,<\/li>\n<li>kszta\u0142towanie systematyczno\u015bci\u00a0 pracy (regularne wykonywanie zada\u0144)<\/li>\n<\/ul>\n<h2>3.<\/h2>\n<p>Udzia\u0142\u00a0 w projekcie jest dobrowolny, ale niekt\u00f3re z zada\u0144 (te, zgodne z podstaw\u0105 programow\u0105) mog\u0105 zosta\u0107 w\u0142\u0105czone przez nauczyciela jako forma realizacji programu jego przedmiotu<\/p>\n<h2>4.<\/h2>\n<p>W roku szkolnym 2012\/2013 zadania projektowe w 6 obszarach geograficznych og\u0142aszane b\u0119d\u0105 co miesi\u0105c na stronie internetowej szko\u0142y, w zak\u0142adce projekty. Podany zostanie te\u017c termin wykonania zadania. Prace oddane w pierwszym terminie, okre\u015blonym dla ka\u017cdego obszaru otrzymuj\u0105 5 dodatkowych punkt\u00f3w. Termin drugi up\u0142ywa 27 marca 2013 (Wielka \u015aroda) i dotyczy wszystkich obszar\u00f3w opr\u00f3cz ostatniego (Mazowsza). Termin trzeci dotyczy tylko Mazowsza i up\u0142ywa 26 kwietnia 2013r.<\/p>\n<h2>5.<\/h2>\n<p>Cz\u0119\u015b\u0107 aktywno\u015bci\u00a0 realizowana b\u0119dzie na lekcjach przedmiotowych, cz\u0119\u015b\u0107 b\u0119d\u0105 to projekty realizowane na wycieczkach klasowych lub na zaj\u0119ciach k\u00f3\u0142ek pozalekcyjnych, a niekt\u00f3re ucze\u0144 b\u0119dzie realizowa\u0142 samodzielnie. Zadania b\u0119d\u0105 zr\u00f3\u017cnicowane pod wzgl\u0119dem trudno\u015bci, formy i tematyki (makiety, przewodnik rowerowy, gra planszowa lub komputerowa, reporta\u017c fotograficzny, sprawozdanie z wycieczki etc.)\u00a0 Do organizacji wycieczek zaproszeni s\u0105 te\u017c rodzice i opiekunowie ucznia.<\/p>\n<h2>6.<\/h2>\n<p>Ka\u017cda z aktywno\u015bci b\u0119dzie punktowana. Za udzia\u0142 w konkursie na logo mo\u017cna zdoby\u0107 10 pkt. Nauczyciel mo\u017ce wykorzysta\u0107 punkty do wystawienia dodatkowych cen ze swojego przedmiotu.\u00a0 Suma zdobytych punkt\u00f3w b\u0119dzie podstaw\u0105\u00a0 przyznania odznaki. Punkty zdobyte w jednym roku mo\u017cna zg\u0142osi\u0107 do odznaki lub przenie\u015b\u0107 na nast\u0119pny rok.<\/p>\n<h2>7.<\/h2>\n<p>Do zdobycia odznaki trzeba wykona\u0107\u00a0 samodzielnie przynajmniej jedno zadanie z ka\u017cdego obszaru geograficznego oraz zdoby\u0107:<\/p>\n<ul>\n<li>na z\u0142ot\u0105 odznak\u0119 &#8211; 150 punkt\u00f3w oraz wykona\u0107 dobrze przynajmniej jedno zadanie w j\u0119zyku obcym<\/li>\n<li>na srebrn\u0105 odznak\u0119 \u2013 110 punkt\u00f3w<\/li>\n<li>na br\u0105zow\u0105 odznak\u0119 \u2013\u00a0 80 punkt\u00f3w<\/li>\n<\/ul>\n<p>Punkty mo\u017cna sprawdzi\u0107 w Dzienniczku Elektronicznym.<\/p>\n<h2>8.<\/h2>\n<p>Przewidywany terminarz:<\/p>\n<table>\n<thead>\n<tr>\n<th scope=\"col\">Miesi\u0105c<\/th>\n<th scope=\"col\">Obszar Geograficzny<\/th>\n<\/tr>\n<\/thead>\n<tbody>\n<tr>\n<td>Wrzesie\u0144 2012<\/td>\n<td>Og\u0142oszenie projektu, konkurs na logo projektu<\/td>\n<\/tr>\n<tr>\n<td>Pa\u017adziernik 2012<\/td>\n<td>Warszawa<\/td>\n<\/tr>\n<tr>\n<td>Listopad 2012<\/td>\n<td>Mazury i Pomorze Toru\u0144, Malbork<\/td>\n<\/tr>\n<tr>\n<td>Grudzie\u01442012\/Stycze\u0144 2013<\/td>\n<td>Ma\u0142opolska (Stare Miasto w Krakowie, Kopalnia Soli Wieliczce, drewniana architektura: Binarowa, Blizne, D\u0119bno, Hacz\u00f3w, S\u0119kowa, Lipnica Murowana)<\/td>\n<\/tr>\n<tr>\n<td>Luty 2013<\/td>\n<td>\u015al\u0105sk: Jaworz, \u015awidnica, Wroc\u0142aw, ;<\/td>\n<\/tr>\n<tr>\n<td>Marzec 2013<\/td>\n<td>Polska po\u0142udniowo-wschodnia (stare miasto w Zamo\u015bciu, Puszcza Bia\u0142owieska)<\/td>\n<\/tr>\n<tr>\n<td>Kwiecie\u0144 2013<\/td>\n<td>Mazowsze<\/td>\n<\/tr>\n<\/tbody>\n<\/table>\n<h2>9.<\/h2>\n<p>Efekty prac s\u0105 wywieszane na tablicy projektu.<\/p>\n<p>Uroczyste zako\u0144czenie projektu i przyznanie odznaki M\u0142ody Polak w Europie nast\u0105pi podczas obchod\u00f3w \u015awi\u0119ta Konstytucji 3 Maja.<\/p>\n","protected":false},"excerpt":{"rendered":"<p>\u201eCUDZE CHWALICIE, SWEGO NIE ZNACIE\u00a0 &#8211; czyli polskie dziedzictwo w Europie\u201d Uwaga &#8211; od dnia 15.11.2012r nast\u0105pi\u0142y zmiany w regulaminie w punktach: 4,6 i 7 dotycz\u0105ce termin\u00f3w i punktacji. Projekt adresowany do uczni\u00f3w klas IV \u2013 VI Szko\u0142y Podstawowej Przymierza Rodzin im. Jana Paw\u0142a II w Warszawie, realizowany przy \u017cyczliwej wsp\u00f3\u0142pracy rodzic\u00f3w i nauczycieli. 1. [&hellip;]<\/p>\n","protected":false},"author":1,"featured_media":0,"comment_status":"open","ping_status":"open","sticky":false,"template":"","format":"standard","meta":{"ngg_post_thumbnail":0,"footnotes":""},"categories":[3],"tags":[],"class_list":["post-5","post","type-post","status-publish","format-standard","hentry","category-regulamin"],"yoast_head":"<!-- This site is optimized with the Yoast SEO plugin v20.5 - https:\/\/yoast.com\/wordpress\/plugins\/seo\/ -->\n<title>Regulamin - \u201eCudze chwalicie, swego nie znacie...\u201d M\u0142ody Polak w Europie<\/title>\n<meta name=\"robots\" content=\"index, follow, max-snippet:-1, max-image-preview:large, max-video-preview:-1\" \/>\n<link rel=\"canonical\" href=\"https:\/\/polakweuropie.sprjp2.edu.pl\/?p=5\" \/>\n<meta property=\"og:locale\" content=\"pl_PL\" \/>\n<meta property=\"og:type\" content=\"article\" \/>\n<meta property=\"og:title\" content=\"Regulamin - \u201eCudze chwalicie, swego nie znacie...\u201d M\u0142ody Polak w Europie\" \/>\n<meta property=\"og:description\" content=\"\u201eCUDZE CHWALICIE, SWEGO NIE ZNACIE\u00a0 &#8211; czyli polskie dziedzictwo w Europie\u201d Uwaga &#8211; od dnia 15.11.2012r nast\u0105pi\u0142y zmiany w regulaminie w punktach: 4,6 i 7 dotycz\u0105ce termin\u00f3w i punktacji. Projekt adresowany do uczni\u00f3w klas IV \u2013 VI Szko\u0142y Podstawowej Przymierza Rodzin im. Jana Paw\u0142a II w Warszawie, realizowany przy \u017cyczliwej wsp\u00f3\u0142pracy rodzic\u00f3w i nauczycieli. 1. [&hellip;]\" \/>\n<meta property=\"og:url\" content=\"https:\/\/polakweuropie.sprjp2.edu.pl\/?p=5\" \/>\n<meta property=\"og:site_name\" content=\"\u201eCudze chwalicie, swego nie znacie...\u201d M\u0142ody Polak w Europie\" \/>\n<meta property=\"article:published_time\" content=\"2012-11-15T10:58:41+00:00\" \/>\n<meta name=\"author\" content=\"admin\" \/>\n<meta name=\"twitter:card\" content=\"summary_large_image\" \/>\n<meta name=\"twitter:label1\" content=\"Napisane przez\" \/>\n\t<meta name=\"twitter:data1\" content=\"admin\" \/>\n\t<meta name=\"twitter:label2\" content=\"Szacowany czas czytania\" \/>\n\t<meta name=\"twitter:data2\" content=\"3 minuty\" \/>\n<script type=\"application\/ld+json\" class=\"yoast-schema-graph\">{\"@context\":\"https:\/\/schema.org\",\"@graph\":[{\"@type\":\"WebPage\",\"@id\":\"https:\/\/polakweuropie.sprjp2.edu.pl\/?p=5\",\"url\":\"https:\/\/polakweuropie.sprjp2.edu.pl\/?p=5\",\"name\":\"Regulamin - \u201eCudze chwalicie, swego nie znacie...\u201d M\u0142ody Polak w Europie\",\"isPartOf\":{\"@id\":\"https:\/\/polakweuropie.sprjp2.edu.pl\/#website\"},\"datePublished\":\"2012-11-15T10:58:41+00:00\",\"dateModified\":\"2012-11-15T10:58:41+00:00\",\"author\":{\"@id\":\"https:\/\/polakweuropie.sprjp2.edu.pl\/#\/schema\/person\/46e8e4737afeabd93bcd3c9ef960cef4\"},\"breadcrumb\":{\"@id\":\"https:\/\/polakweuropie.sprjp2.edu.pl\/?p=5#breadcrumb\"},\"inLanguage\":\"pl-PL\",\"potentialAction\":[{\"@type\":\"ReadAction\",\"target\":[\"https:\/\/polakweuropie.sprjp2.edu.pl\/?p=5\"]}]},{\"@type\":\"BreadcrumbList\",\"@id\":\"https:\/\/polakweuropie.sprjp2.edu.pl\/?p=5#breadcrumb\",\"itemListElement\":[{\"@type\":\"ListItem\",\"position\":1,\"name\":\"Strona g\u0142\u00f3wna\",\"item\":\"https:\/\/polakweuropie.sprjp2.edu.pl\/\"},{\"@type\":\"ListItem\",\"position\":2,\"name\":\"Regulamin\"}]},{\"@type\":\"WebSite\",\"@id\":\"https:\/\/polakweuropie.sprjp2.edu.pl\/#website\",\"url\":\"https:\/\/polakweuropie.sprjp2.edu.pl\/\",\"name\":\"\u201eCudze chwalicie, swego nie znacie...\u201d M\u0142ody Polak w Europie\",\"description\":\"Projekt w Szkole Podstawowej nr 112 Przymierza Rodzin\",\"potentialAction\":[{\"@type\":\"SearchAction\",\"target\":{\"@type\":\"EntryPoint\",\"urlTemplate\":\"https:\/\/polakweuropie.sprjp2.edu.pl\/?s={search_term_string}\"},\"query-input\":\"required name=search_term_string\"}],\"inLanguage\":\"pl-PL\"},{\"@type\":\"Person\",\"@id\":\"https:\/\/polakweuropie.sprjp2.edu.pl\/#\/schema\/person\/46e8e4737afeabd93bcd3c9ef960cef4\",\"name\":\"admin\",\"image\":{\"@type\":\"ImageObject\",\"inLanguage\":\"pl-PL\",\"@id\":\"https:\/\/polakweuropie.sprjp2.edu.pl\/#\/schema\/person\/image\/\",\"url\":\"https:\/\/secure.gravatar.com\/avatar\/9b5a712af31058c65327544bfadfc108?s=96&d=mm&r=g\",\"contentUrl\":\"https:\/\/secure.gravatar.com\/avatar\/9b5a712af31058c65327544bfadfc108?s=96&d=mm&r=g\",\"caption\":\"admin\"},\"url\":\"https:\/\/polakweuropie.sprjp2.edu.pl\/?author=1\"}]}<\/script>\n<!-- \/ Yoast SEO plugin. -->","yoast_head_json":{"title":"Regulamin - \u201eCudze chwalicie, swego nie znacie...\u201d M\u0142ody Polak w Europie","robots":{"index":"index","follow":"follow","max-snippet":"max-snippet:-1","max-image-preview":"max-image-preview:large","max-video-preview":"max-video-preview:-1"},"canonical":"https:\/\/polakweuropie.sprjp2.edu.pl\/?p=5","og_locale":"pl_PL","og_type":"article","og_title":"Regulamin - \u201eCudze chwalicie, swego nie znacie...\u201d M\u0142ody Polak w Europie","og_description":"\u201eCUDZE CHWALICIE, SWEGO NIE ZNACIE\u00a0 &#8211; czyli polskie dziedzictwo w Europie\u201d Uwaga &#8211; od dnia 15.11.2012r nast\u0105pi\u0142y zmiany w regulaminie w punktach: 4,6 i 7 dotycz\u0105ce termin\u00f3w i punktacji. Projekt adresowany do uczni\u00f3w klas IV \u2013 VI Szko\u0142y Podstawowej Przymierza Rodzin im. Jana Paw\u0142a II w Warszawie, realizowany przy \u017cyczliwej wsp\u00f3\u0142pracy rodzic\u00f3w i nauczycieli. 1. [&hellip;]","og_url":"https:\/\/polakweuropie.sprjp2.edu.pl\/?p=5","og_site_name":"\u201eCudze chwalicie, swego nie znacie...\u201d M\u0142ody Polak w Europie","article_published_time":"2012-11-15T10:58:41+00:00","author":"admin","twitter_card":"summary_large_image","twitter_misc":{"Napisane przez":"admin","Szacowany czas czytania":"3 minuty"},"schema":{"@context":"https:\/\/schema.org","@graph":[{"@type":"WebPage","@id":"https:\/\/polakweuropie.sprjp2.edu.pl\/?p=5","url":"https:\/\/polakweuropie.sprjp2.edu.pl\/?p=5","name":"Regulamin - \u201eCudze chwalicie, swego nie znacie...\u201d M\u0142ody Polak w Europie","isPartOf":{"@id":"https:\/\/polakweuropie.sprjp2.edu.pl\/#website"},"datePublished":"2012-11-15T10:58:41+00:00","dateModified":"2012-11-15T10:58:41+00:00","author":{"@id":"https:\/\/polakweuropie.sprjp2.edu.pl\/#\/schema\/person\/46e8e4737afeabd93bcd3c9ef960cef4"},"breadcrumb":{"@id":"https:\/\/polakweuropie.sprjp2.edu.pl\/?p=5#breadcrumb"},"inLanguage":"pl-PL","potentialAction":[{"@type":"ReadAction","target":["https:\/\/polakweuropie.sprjp2.edu.pl\/?p=5"]}]},{"@type":"BreadcrumbList","@id":"https:\/\/polakweuropie.sprjp2.edu.pl\/?p=5#breadcrumb","itemListElement":[{"@type":"ListItem","position":1,"name":"Strona g\u0142\u00f3wna","item":"https:\/\/polakweuropie.sprjp2.edu.pl\/"},{"@type":"ListItem","position":2,"name":"Regulamin"}]},{"@type":"WebSite","@id":"https:\/\/polakweuropie.sprjp2.edu.pl\/#website","url":"https:\/\/polakweuropie.sprjp2.edu.pl\/","name":"\u201eCudze chwalicie, swego nie znacie...\u201d M\u0142ody Polak w Europie","description":"Projekt w Szkole Podstawowej nr 112 Przymierza Rodzin","potentialAction":[{"@type":"SearchAction","target":{"@type":"EntryPoint","urlTemplate":"https:\/\/polakweuropie.sprjp2.edu.pl\/?s={search_term_string}"},"query-input":"required name=search_term_string"}],"inLanguage":"pl-PL"},{"@type":"Person","@id":"https:\/\/polakweuropie.sprjp2.edu.pl\/#\/schema\/person\/46e8e4737afeabd93bcd3c9ef960cef4","name":"admin","image":{"@type":"ImageObject","inLanguage":"pl-PL","@id":"https:\/\/polakweuropie.sprjp2.edu.pl\/#\/schema\/person\/image\/","url":"https:\/\/secure.gravatar.com\/avatar\/9b5a712af31058c65327544bfadfc108?s=96&d=mm&r=g","contentUrl":"https:\/\/secure.gravatar.com\/avatar\/9b5a712af31058c65327544bfadfc108?s=96&d=mm&r=g","caption":"admin"},"url":"https:\/\/polakweuropie.sprjp2.edu.pl\/?author=1"}]}},"_links":{"self":[{"href":"https:\/\/polakweuropie.sprjp2.edu.pl\/index.php?rest_route=\/wp\/v2\/posts\/5"}],"collection":[{"href":"https:\/\/polakweuropie.sprjp2.edu.pl\/index.php?rest_route=\/wp\/v2\/posts"}],"about":[{"href":"https:\/\/polakweuropie.sprjp2.edu.pl\/index.php?rest_route=\/wp\/v2\/types\/post"}],"author":[{"embeddable":true,"href":"https:\/\/polakweuropie.sprjp2.edu.pl\/index.php?rest_route=\/wp\/v2\/users\/1"}],"replies":[{"embeddable":true,"href":"https:\/\/polakweuropie.sprjp2.edu.pl\/index.php?rest_route=%2Fwp%2Fv2%2Fcomments&post=5"}],"version-history":[{"count":1,"href":"https:\/\/polakweuropie.sprjp2.edu.pl\/index.php?rest_route=\/wp\/v2\/posts\/5\/revisions"}],"predecessor-version":[{"id":6,"href":"https:\/\/polakweuropie.sprjp2.edu.pl\/index.php?rest_route=\/wp\/v2\/posts\/5\/revisions\/6"}],"wp:attachment":[{"href":"https:\/\/polakweuropie.sprjp2.edu.pl\/index.php?rest_route=%2Fwp%2Fv2%2Fmedia&parent=5"}],"wp:term":[{"taxonomy":"category","embeddable":true,"href":"https:\/\/polakweuropie.sprjp2.edu.pl\/index.php?rest_route=%2Fwp%2Fv2%2Fcategories&post=5"},{"taxonomy":"post_tag","embeddable":true,"href":"https:\/\/polakweuropie.sprjp2.edu.pl\/index.php?rest_route=%2Fwp%2Fv2%2Ftags&post=5"}],"curies":[{"name":"wp","href":"https:\/\/api.w.org\/{rel}","templated":true}]}}