{"id":40096,"date":"2015-09-07T09:23:49","date_gmt":"2015-09-07T07:23:49","guid":{"rendered":"http:\/\/polakweuropie.sprjp2.edu.pl\/?p=40096"},"modified":"2018-09-12T12:48:48","modified_gmt":"2018-09-12T10:48:48","slug":"nowy-regulamin-2015","status":"publish","type":"post","link":"https:\/\/polakweuropie.sprjp2.edu.pl\/?p=40096","title":{"rendered":"Nowy regulamin 2015"},"content":{"rendered":"<p>Plik do pobrania: <a href=\"http:\/\/polakweuropie.sprjp2.edu.pl\/wp-content\/uploads\/2015\/09\/REGULAMIN-2015.doc\">REGULAMIN 2015<\/a><\/p>\n<h1>Regulamin<\/h1>\n<p><strong>\u201eCUDZE CHWALICIE, SWEGO NIE ZNACIE&nbsp; \u2013 czyli polskie dziedzictwo w Europie\u201d<\/strong><\/p>\n<p>Projekt adresowany do uczni\u00f3w klas IV \u2013 VI Szko\u0142y Podstawowej Przymierza Rodzin im. Jana Paw\u0142a II w Warszawie, realizowany przy \u017cyczliwej wsp\u00f3\u0142pracy rodzic\u00f3w i nauczycieli.<\/p>\n<h2>1.<\/h2>\n<p>Projekt europejski ma przybli\u017ca\u0107 uczniom klas IV-VI&nbsp; dziedzictwo Polski w Europie, szczeg\u00f3lnie wyj\u0105tkowe osi\u0105gni\u0119cia kultury i natury wpisane na List\u0119 \u015awiatowego Dziedzictwa Kulturowego i Naturalnego UNESCO (rezygnujemy z zada\u0144 dla dzieci dotycz\u0105ce Auschwitz-Birkenau). Na li\u015bcie tej znajduje si\u0119&nbsp; 14 obszar\u00f3w dziedzictwa,&nbsp; w niekt\u00f3rych sytuacjach projekt b\u0119dzie sugerowa\u0142 poznanie mniej znanych, a te\u017c ciekawych obiekt\u00f3w historycznych lub przyrodniczych, zw\u0142aszcza w Warszawie i na Mazowszu. Systematyczne wykonywanie zada\u0144 prowadzi do zdobycia odznaki \u2013 M\u0142ody Polak w Europie, przyznawanej na uroczysto\u015bciach zwi\u0105zanych ze \u015awi\u0119tem&nbsp; Konstytucj\u0105 3 Maja..<\/p>\n<h2>2.<\/h2>\n<p>Projekty wykonywane przez uczni\u00f3w maj\u0105 za zadanie:<\/p>\n<ul>\n<li>rozbudzenie ciekawo\u015bci i zainteresowanie bogactwem kulturowym i przyrodniczym swojego kraju,<\/li>\n<li>rozwijanie ich umiej\u0119tno\u015bci \u2013 (np. rozpoznawanie tego, co wyj\u0105tkowe kulturze polskiej, co wyr\u00f3\u017cnia j\u0105 w Europie, oprowadzanie w j\u0119zyku obcym po wybranych obiektach polskiego dziedzictwa,<\/li>\n<li>trenowanie pos\u0142ugiwania si\u0119 technikami informatycznym \u2013 poszukiwanie informacji i rozliczanie si\u0119 z zada\u0144 umieszczonych na platformie informatycznej,<\/li>\n<li>zdobywanie wiedzy w ciekawy spos\u00f3b (gry miejskie, zwiedzanie i warsztaty),<\/li>\n<li>\u0107wiczenie&nbsp; umiej\u0119tno\u015bci wsp\u00f3\u0142pracy \u2013 grupowe zadania i integracja klasy wok\u00f3\u0142 zada\u0144 projektu,<\/li>\n<li>kszta\u0142towanie systematyczno\u015bci&nbsp; pracy (regularne wykonywanie zada\u0144)<\/li>\n<\/ul>\n<h2>3.<\/h2>\n<p>Udzia\u0142&nbsp; w projekcie jest dobrowolny, ale niekt\u00f3re z zada\u0144 (te, zgodne z podstaw\u0105 programow\u0105) mog\u0105 zosta\u0107 w\u0142\u0105czone przez nauczyciela jako forma realizacji programu jego przedmiotu<\/p>\n<h2>4.<\/h2>\n<p>W roku szkolnym 2015\/2016 zadania projektowe w 6 obszarach geograficznych og\u0142aszane b\u0119d\u0105 co miesi\u0105c na stronie internetowej szko\u0142y, w zak\u0142adce projekty. Podany zostanie te\u017c termin wykonania zadania. Prace oddane w terminie (wyznaczony jeden dzie\u0144), okre\u015blonym dla ka\u017cdego obszaru otrzymuj\u0105 5 dodatkowych punkt\u00f3w. Termin ostateczny oddania prac up\u0142ywa 25 kwietnia 2016 i dotyczy wszystkich obszar\u00f3w.<\/p>\n<h2>5.<\/h2>\n<p>Cz\u0119\u015b\u0107 aktywno\u015bci&nbsp; mo\u017ce by\u0107 realizowana na lekcjach przedmiotowych, cz\u0119\u015b\u0107 ucze\u0144 b\u0119dzie realizowa\u0142 samodzielnie. Zadania s\u0105 zr\u00f3\u017cnicowane pod wzgl\u0119dem trudno\u015bci, formy i tematyki (makiety, przewodnik rowerowy, gra planszowa lub komputerowa, reporta\u017c fotograficzny, sprawozdanie z wycieczki etc.)&nbsp; Do organizacji wycieczek zaproszeni s\u0105 te\u017c rodzice i opiekunowie ucznia, ale zadaniem doros\u0142ych opiekun\u00f3w jest tylko logistyka, prace projektowe uczniowie wykonuj\u0105 samodzielnie. Im wi\u0119cej si\u0119 przy tym naucz\u0105, tym lepiej dla nich.<\/p>\n<h2>6.<\/h2>\n<p>Ka\u017cda z aktywno\u015bci b\u0119dzie punktowana. Nauczyciel mo\u017ce wykorzysta\u0107 punkty do wystawienia dodatkowych ocen ze swojego przedmiotu.&nbsp;Punkty dodatkowe za prac\u0119 w j\u0119zyku obcym przyznaje nauczyciel przedmiotowy po prezentacji pracy po angielsku lub niemiecku na lekcji.<\/p>\n<p>Suma zdobytych punkt\u00f3w b\u0119dzie podstaw\u0105&nbsp; przyznania odznaki. Punkty zdobyte w jednym roku mo\u017cna zg\u0142osi\u0107 do odznaki lub przenie\u015b\u0107 na nast\u0119pny rok.<\/p>\n<h2>7.<\/h2>\n<p>Do zdobycia odznaki trzeba wykona\u0107&nbsp; samodzielnie przynajmniej jedno zadanie z ka\u017cdego obszaru geograficznego oraz zdoby\u0107:<\/p>\n<ul>\n<li>na z\u0142ot\u0105 odznak\u0119 \u2013 150 punkt\u00f3w oraz wykona\u0107 dobrze przynajmniej jedno zadanie w j\u0119zyku obcym<\/li>\n<li>na srebrn\u0105 odznak\u0119 \u2013 110 punkt\u00f3w<\/li>\n<li>na br\u0105zow\u0105 odznak\u0119 \u2013&nbsp; 80 punkt\u00f3w<\/li>\n<\/ul>\n<h2>8.<\/h2>\n<p>Zdobycie odznaki mo\u017ce by\u0107 podstaw\u0105 do uzyskania oceny celuj\u0105cej na koniec roku z historii lub przyrody, pod warunkiem wykonania co najmniej czterech prac z tematyki danego przedmiotu oraz wypracowania \u015bredniej z przedmiotu minimum 4,5.<\/p>\n<h2>9.<\/h2>\n<p>Przewidywany terminarz:<\/p>\n<table>\n<thead>\n<tr>\n<td><strong>Miesi\u0105c<\/strong><\/td>\n<td><strong>Obszar Geograficzny<\/strong><\/td>\n<\/tr>\n<\/thead>\n<tbody>\n<tr>\n<td>wrzesie\u0144 \/ pa\u017adziernik 2015<\/td>\n<td>Mazowsze<\/td>\n<\/tr>\n<tr>\n<td>pa\u017adziernik \/listopad 2015<\/td>\n<td>\u015al\u0105sk<\/td>\n<\/tr>\n<tr>\n<td>listopad\/grudzie\u0144 2015<\/td>\n<td>Mazury i Pomorze<\/td>\n<\/tr>\n<tr>\n<td>stycze\u0144\/luty 2016<\/td>\n<td>Ma\u0142opolska<\/td>\n<\/tr>\n<tr>\n<td>Marzec 2016<\/td>\n<td>Wschodnie Rubie\u017ce<\/td>\n<\/tr>\n<tr>\n<td>Kwiecie\u0144 2016<\/td>\n<td>Warszawa<\/td>\n<\/tr>\n<\/tbody>\n<\/table>\n<h2>10.<\/h2>\n<p>Efekty prac s\u0105 wywieszane na tablicy projektu oraz zamieszczane na stronie internetowej.<\/p>\n<p>Warto uwa\u017cnie wczytywa\u0107 si\u0119 i ogl\u0105da\u0107 prace projektowe, gdy\u017c na zako\u0144czenie przewidywany jest quiz z tematyki projektu.<\/p>\n<p>Uroczyste zako\u0144czenie projektu i przyznanie odznaki M\u0142ody Polak w Europie nast\u0105pi podczas obchod\u00f3w \u015awi\u0119ta Konstytucji 3 Maja.<\/p>\n<p>Nagrod\u0105 dla najbardziej zaanga\u017cowanych uczestnik\u00f3w projektu oraz dla zwyci\u0119zc\u00f3w quizu jest wycieczka.<\/p>\n","protected":false},"excerpt":{"rendered":"<p>Plik do pobrania: REGULAMIN 2015 Regulamin \u201eCUDZE CHWALICIE, SWEGO NIE ZNACIE&nbsp; \u2013 czyli polskie dziedzictwo w Europie\u201d Projekt adresowany do uczni\u00f3w klas IV \u2013 VI Szko\u0142y Podstawowej Przymierza Rodzin im. Jana Paw\u0142a II w Warszawie, realizowany przy \u017cyczliwej wsp\u00f3\u0142pracy rodzic\u00f3w i nauczycieli. 1. Projekt europejski ma przybli\u017ca\u0107 uczniom klas IV-VI&nbsp; dziedzictwo Polski w Europie, szczeg\u00f3lnie [&hellip;]<\/p>\n","protected":false},"author":1,"featured_media":0,"comment_status":"open","ping_status":"open","sticky":false,"template":"","format":"standard","meta":{"ngg_post_thumbnail":0,"footnotes":""},"categories":[4,3],"tags":[],"class_list":["post-40096","post","type-post","status-publish","format-standard","hentry","category-aktualnosci","category-regulamin"],"yoast_head":"<!-- This site is optimized with the Yoast SEO plugin v20.5 - https:\/\/yoast.com\/wordpress\/plugins\/seo\/ -->\n<title>Nowy regulamin 2015 - \u201eCudze chwalicie, swego nie znacie...\u201d M\u0142ody Polak w Europie<\/title>\n<meta name=\"robots\" content=\"index, follow, max-snippet:-1, max-image-preview:large, max-video-preview:-1\" \/>\n<link rel=\"canonical\" href=\"https:\/\/polakweuropie.sprjp2.edu.pl\/?p=40096\" \/>\n<meta property=\"og:locale\" content=\"pl_PL\" \/>\n<meta property=\"og:type\" content=\"article\" \/>\n<meta property=\"og:title\" content=\"Nowy regulamin 2015 - \u201eCudze chwalicie, swego nie znacie...\u201d M\u0142ody Polak w Europie\" \/>\n<meta property=\"og:description\" content=\"Plik do pobrania: REGULAMIN 2015 Regulamin \u201eCUDZE CHWALICIE, SWEGO NIE ZNACIE&nbsp; \u2013 czyli polskie dziedzictwo w Europie\u201d Projekt adresowany do uczni\u00f3w klas IV \u2013 VI Szko\u0142y Podstawowej Przymierza Rodzin im. Jana Paw\u0142a II w Warszawie, realizowany przy \u017cyczliwej wsp\u00f3\u0142pracy rodzic\u00f3w i nauczycieli. 1. Projekt europejski ma przybli\u017ca\u0107 uczniom klas IV-VI&nbsp; dziedzictwo Polski w Europie, szczeg\u00f3lnie [&hellip;]\" \/>\n<meta property=\"og:url\" content=\"https:\/\/polakweuropie.sprjp2.edu.pl\/?p=40096\" \/>\n<meta property=\"og:site_name\" content=\"\u201eCudze chwalicie, swego nie znacie...\u201d M\u0142ody Polak w Europie\" \/>\n<meta property=\"article:published_time\" content=\"2015-09-07T07:23:49+00:00\" \/>\n<meta property=\"article:modified_time\" content=\"2018-09-12T10:48:48+00:00\" \/>\n<meta name=\"author\" content=\"admin\" \/>\n<meta name=\"twitter:card\" content=\"summary_large_image\" \/>\n<meta name=\"twitter:label1\" content=\"Napisane przez\" \/>\n\t<meta name=\"twitter:data1\" content=\"admin\" \/>\n\t<meta name=\"twitter:label2\" content=\"Szacowany czas czytania\" \/>\n\t<meta name=\"twitter:data2\" content=\"3 minuty\" \/>\n<script type=\"application\/ld+json\" class=\"yoast-schema-graph\">{\"@context\":\"https:\/\/schema.org\",\"@graph\":[{\"@type\":\"WebPage\",\"@id\":\"https:\/\/polakweuropie.sprjp2.edu.pl\/?p=40096\",\"url\":\"https:\/\/polakweuropie.sprjp2.edu.pl\/?p=40096\",\"name\":\"Nowy regulamin 2015 - \u201eCudze chwalicie, swego nie znacie...\u201d M\u0142ody Polak w Europie\",\"isPartOf\":{\"@id\":\"https:\/\/polakweuropie.sprjp2.edu.pl\/#website\"},\"datePublished\":\"2015-09-07T07:23:49+00:00\",\"dateModified\":\"2018-09-12T10:48:48+00:00\",\"author\":{\"@id\":\"https:\/\/polakweuropie.sprjp2.edu.pl\/#\/schema\/person\/46e8e4737afeabd93bcd3c9ef960cef4\"},\"breadcrumb\":{\"@id\":\"https:\/\/polakweuropie.sprjp2.edu.pl\/?p=40096#breadcrumb\"},\"inLanguage\":\"pl-PL\",\"potentialAction\":[{\"@type\":\"ReadAction\",\"target\":[\"https:\/\/polakweuropie.sprjp2.edu.pl\/?p=40096\"]}]},{\"@type\":\"BreadcrumbList\",\"@id\":\"https:\/\/polakweuropie.sprjp2.edu.pl\/?p=40096#breadcrumb\",\"itemListElement\":[{\"@type\":\"ListItem\",\"position\":1,\"name\":\"Strona g\u0142\u00f3wna\",\"item\":\"https:\/\/polakweuropie.sprjp2.edu.pl\/\"},{\"@type\":\"ListItem\",\"position\":2,\"name\":\"Nowy regulamin 2015\"}]},{\"@type\":\"WebSite\",\"@id\":\"https:\/\/polakweuropie.sprjp2.edu.pl\/#website\",\"url\":\"https:\/\/polakweuropie.sprjp2.edu.pl\/\",\"name\":\"\u201eCudze chwalicie, swego nie znacie...\u201d M\u0142ody Polak w Europie\",\"description\":\"Projekt w Szkole Podstawowej nr 112 Przymierza Rodzin\",\"potentialAction\":[{\"@type\":\"SearchAction\",\"target\":{\"@type\":\"EntryPoint\",\"urlTemplate\":\"https:\/\/polakweuropie.sprjp2.edu.pl\/?s={search_term_string}\"},\"query-input\":\"required name=search_term_string\"}],\"inLanguage\":\"pl-PL\"},{\"@type\":\"Person\",\"@id\":\"https:\/\/polakweuropie.sprjp2.edu.pl\/#\/schema\/person\/46e8e4737afeabd93bcd3c9ef960cef4\",\"name\":\"admin\",\"image\":{\"@type\":\"ImageObject\",\"inLanguage\":\"pl-PL\",\"@id\":\"https:\/\/polakweuropie.sprjp2.edu.pl\/#\/schema\/person\/image\/\",\"url\":\"https:\/\/secure.gravatar.com\/avatar\/9b5a712af31058c65327544bfadfc108?s=96&d=mm&r=g\",\"contentUrl\":\"https:\/\/secure.gravatar.com\/avatar\/9b5a712af31058c65327544bfadfc108?s=96&d=mm&r=g\",\"caption\":\"admin\"},\"url\":\"https:\/\/polakweuropie.sprjp2.edu.pl\/?author=1\"}]}<\/script>\n<!-- \/ Yoast SEO plugin. -->","yoast_head_json":{"title":"Nowy regulamin 2015 - \u201eCudze chwalicie, swego nie znacie...\u201d M\u0142ody Polak w Europie","robots":{"index":"index","follow":"follow","max-snippet":"max-snippet:-1","max-image-preview":"max-image-preview:large","max-video-preview":"max-video-preview:-1"},"canonical":"https:\/\/polakweuropie.sprjp2.edu.pl\/?p=40096","og_locale":"pl_PL","og_type":"article","og_title":"Nowy regulamin 2015 - \u201eCudze chwalicie, swego nie znacie...\u201d M\u0142ody Polak w Europie","og_description":"Plik do pobrania: REGULAMIN 2015 Regulamin \u201eCUDZE CHWALICIE, SWEGO NIE ZNACIE&nbsp; \u2013 czyli polskie dziedzictwo w Europie\u201d Projekt adresowany do uczni\u00f3w klas IV \u2013 VI Szko\u0142y Podstawowej Przymierza Rodzin im. Jana Paw\u0142a II w Warszawie, realizowany przy \u017cyczliwej wsp\u00f3\u0142pracy rodzic\u00f3w i nauczycieli. 1. Projekt europejski ma przybli\u017ca\u0107 uczniom klas IV-VI&nbsp; dziedzictwo Polski w Europie, szczeg\u00f3lnie [&hellip;]","og_url":"https:\/\/polakweuropie.sprjp2.edu.pl\/?p=40096","og_site_name":"\u201eCudze chwalicie, swego nie znacie...\u201d M\u0142ody Polak w Europie","article_published_time":"2015-09-07T07:23:49+00:00","article_modified_time":"2018-09-12T10:48:48+00:00","author":"admin","twitter_card":"summary_large_image","twitter_misc":{"Napisane przez":"admin","Szacowany czas czytania":"3 minuty"},"schema":{"@context":"https:\/\/schema.org","@graph":[{"@type":"WebPage","@id":"https:\/\/polakweuropie.sprjp2.edu.pl\/?p=40096","url":"https:\/\/polakweuropie.sprjp2.edu.pl\/?p=40096","name":"Nowy regulamin 2015 - \u201eCudze chwalicie, swego nie znacie...\u201d M\u0142ody Polak w Europie","isPartOf":{"@id":"https:\/\/polakweuropie.sprjp2.edu.pl\/#website"},"datePublished":"2015-09-07T07:23:49+00:00","dateModified":"2018-09-12T10:48:48+00:00","author":{"@id":"https:\/\/polakweuropie.sprjp2.edu.pl\/#\/schema\/person\/46e8e4737afeabd93bcd3c9ef960cef4"},"breadcrumb":{"@id":"https:\/\/polakweuropie.sprjp2.edu.pl\/?p=40096#breadcrumb"},"inLanguage":"pl-PL","potentialAction":[{"@type":"ReadAction","target":["https:\/\/polakweuropie.sprjp2.edu.pl\/?p=40096"]}]},{"@type":"BreadcrumbList","@id":"https:\/\/polakweuropie.sprjp2.edu.pl\/?p=40096#breadcrumb","itemListElement":[{"@type":"ListItem","position":1,"name":"Strona g\u0142\u00f3wna","item":"https:\/\/polakweuropie.sprjp2.edu.pl\/"},{"@type":"ListItem","position":2,"name":"Nowy regulamin 2015"}]},{"@type":"WebSite","@id":"https:\/\/polakweuropie.sprjp2.edu.pl\/#website","url":"https:\/\/polakweuropie.sprjp2.edu.pl\/","name":"\u201eCudze chwalicie, swego nie znacie...\u201d M\u0142ody Polak w Europie","description":"Projekt w Szkole Podstawowej nr 112 Przymierza Rodzin","potentialAction":[{"@type":"SearchAction","target":{"@type":"EntryPoint","urlTemplate":"https:\/\/polakweuropie.sprjp2.edu.pl\/?s={search_term_string}"},"query-input":"required name=search_term_string"}],"inLanguage":"pl-PL"},{"@type":"Person","@id":"https:\/\/polakweuropie.sprjp2.edu.pl\/#\/schema\/person\/46e8e4737afeabd93bcd3c9ef960cef4","name":"admin","image":{"@type":"ImageObject","inLanguage":"pl-PL","@id":"https:\/\/polakweuropie.sprjp2.edu.pl\/#\/schema\/person\/image\/","url":"https:\/\/secure.gravatar.com\/avatar\/9b5a712af31058c65327544bfadfc108?s=96&d=mm&r=g","contentUrl":"https:\/\/secure.gravatar.com\/avatar\/9b5a712af31058c65327544bfadfc108?s=96&d=mm&r=g","caption":"admin"},"url":"https:\/\/polakweuropie.sprjp2.edu.pl\/?author=1"}]}},"_links":{"self":[{"href":"https:\/\/polakweuropie.sprjp2.edu.pl\/index.php?rest_route=\/wp\/v2\/posts\/40096"}],"collection":[{"href":"https:\/\/polakweuropie.sprjp2.edu.pl\/index.php?rest_route=\/wp\/v2\/posts"}],"about":[{"href":"https:\/\/polakweuropie.sprjp2.edu.pl\/index.php?rest_route=\/wp\/v2\/types\/post"}],"author":[{"embeddable":true,"href":"https:\/\/polakweuropie.sprjp2.edu.pl\/index.php?rest_route=\/wp\/v2\/users\/1"}],"replies":[{"embeddable":true,"href":"https:\/\/polakweuropie.sprjp2.edu.pl\/index.php?rest_route=%2Fwp%2Fv2%2Fcomments&post=40096"}],"version-history":[{"count":2,"href":"https:\/\/polakweuropie.sprjp2.edu.pl\/index.php?rest_route=\/wp\/v2\/posts\/40096\/revisions"}],"predecessor-version":[{"id":282759,"href":"https:\/\/polakweuropie.sprjp2.edu.pl\/index.php?rest_route=\/wp\/v2\/posts\/40096\/revisions\/282759"}],"wp:attachment":[{"href":"https:\/\/polakweuropie.sprjp2.edu.pl\/index.php?rest_route=%2Fwp%2Fv2%2Fmedia&parent=40096"}],"wp:term":[{"taxonomy":"category","embeddable":true,"href":"https:\/\/polakweuropie.sprjp2.edu.pl\/index.php?rest_route=%2Fwp%2Fv2%2Fcategories&post=40096"},{"taxonomy":"post_tag","embeddable":true,"href":"https:\/\/polakweuropie.sprjp2.edu.pl\/index.php?rest_route=%2Fwp%2Fv2%2Ftags&post=40096"}],"curies":[{"name":"wp","href":"https:\/\/api.w.org\/{rel}","templated":true}]}}