{"id":304853,"date":"2018-10-18T14:03:20","date_gmt":"2018-10-18T12:03:20","guid":{"rendered":"http:\/\/polakweuropie.sprjp2.edu.pl\/?p=304853"},"modified":"2018-10-18T14:03:20","modified_gmt":"2018-10-18T12:03:20","slug":"zadania-slask-20181018","status":"publish","type":"post","link":"https:\/\/polakweuropie.sprjp2.edu.pl\/?p=304853","title":{"rendered":"ZADANIA \u015al\u0105sk &#8211; 20181018"},"content":{"rendered":"<p><a href=\"http:\/\/polakweuropie.sprjp2.edu.pl\/wp-content\/uploads\/2018\/10\/S\u0301la\u0328sk-zadania.docx\">PLIK WORD DO POBRANIA: \u015ala\u0328sk zadania<\/a><\/p>\n<p>Region drugi \u2013 \u015al\u0105sk<\/p>\n<p>Termin oddawania prac up\u0142ywa 12 listopada 2018. Pami\u0119taj o zasadach dobrej pracy<\/p>\n<ol>\n<li>Napisz prace swoimi s\u0142owami.<\/li>\n<li>Szukaj informacji w r\u00f3\u017cnych \u017ar\u00f3d\u0142ach : internet, ksi\u0105\u017cki, encyklopedie. Je\u015bli cos cytujesz lub korzystasz z cudzych zdj\u0119\u0107, koniecznie podaj \u017ar\u00f3d\u0142o: adres strony, autora i tytu\u0142 ksi\u0105\u017cki.<\/li>\n<\/ol>\n<p>&nbsp;<\/p>\n<ol>\n<li>Ch\u0142op Rybka z Tarnowskich G\u00f3r<\/li>\n<\/ol>\n<p>W 2017 r. na list\u0119 \u015awiatowego Dziedzictwa UNESCO wpisano kopalnie srebra z Tarnowskich G\u00f3r. Narysuj <strong>komiks<\/strong> na podstawie legendy o ch\u0142opie Rybce, przedstawiaj\u0105cy, jak znaleziono srebro w tej okolicy.&nbsp;<\/p>\n<ol start=\"2\">\n<li>Protestanci 2017<\/li>\n<\/ol>\n<p>W Tarnowskich G\u00f3rach na rynku stoi ko\u015bci\u00f3\u0142 protestancki. Kim s\u0105 wierni, kt\u00f3rzy modl\u0105 si\u0119 w tym ko\u015bciele? Dowiedz si\u0119 dlaczego rok 2017 by\u0142 dla nich szczeg\u00f3lnie wa\u017cny. Przygotuj ilustrowany <strong>informator<\/strong> o ewangelikach w Polsce. Co \u0142\u0105czy, a co odr\u00f3\u017cnia katolik\u00f3w i ewangelik\u00f3w.&nbsp;&nbsp;<\/p>\n<p>Mo\u017cesz pos\u0142ucha\u0107 , co m\u0142odzi ewangelicy m\u00f3wi\u0105 o sobie na filmie Dzieci r\u00f3\u017cnych bog\u00f3w <em>https:\/\/vod.tvp.pl\/&#8230;\/dzieci-roznych-bogow,protestantyzm,553847<\/em>&nbsp;<\/p>\n<ol start=\"3\">\n<li>\u015al\u0105ska kuchnia<\/li>\n<\/ol>\n<p>Kuchnia \u015bl\u0105ska \u0142\u0105czy potrawy g\u00f3rnicze (syte jedzenie), austriackie, czeskie, \u017cydowskie i g\u00f3ralskie. Poszukaj potraw z tej kuchni, maj\u0105 niepowtarzalne nazwy. Zaproponuj rodzinie lub grupie kole\u017canek lub koleg\u00f3w zabaw\u0119 w przygotowanie dania \u015bl\u0105skiego i przedstawcie <strong>relacj\u0119 filmow\u0105 lub fotograficzn\u0105<\/strong>.&nbsp;<\/p>\n<ol start=\"4\">\n<li>G\u00f3rnik<\/li>\n<\/ol>\n<p>Dlaczego tych, co kopi\u0105 w d\u00f3\u0142 nazywa si\u0119 g\u00f3rnikami zamiast dolnikami? Przygotuj <strong>ilustrowane obja\u015bnienia<\/strong> termin\u00f3w zwi\u0105zanych z g\u00f3rnikami, kim byli gwarkowie, co dla g\u00f3rnika oznacza tunel, sztolnia, szyb, chodnik, pok\u0142ad, zawa\u0142 itp.? Jak pozdrawiaj\u0105 si\u0119 g\u00f3rnicy?&nbsp;<\/p>\n<ol start=\"5\">\n<li>Patronka g\u00f3rnik\u00f3w<\/li>\n<\/ol>\n<p>Patronk\u0105 g\u00f3rnik\u00f3w jest \u015bw. Barbara. W ka\u017cdej kopalni jest jej kaplica lub kapliczka. G\u00f3rnicy rze\u017abi\u0105 jej figurki lub maluj\u0105 portrety.&nbsp; Modl\u0105 si\u0119 do niej przyst\u0119puj\u0105c do pracy, a wracaj\u0105c dzi\u0119kuj\u0105 za ocalenie z niebezpiecze\u0144stw. Przygotuj <strong>plastyczny prezent<\/strong> ze \u015bw. Barbar\u0105 dla g\u00f3rnika&nbsp;<\/p>\n<ol start=\"6\">\n<li>Podziemne skarby<\/li>\n<\/ol>\n<p>Co wydobywano w kopalniach srebra w Tarnowskich G\u00f3rach. Co to jest galena? Do czego wykorzystywano wydobyte kruszce. Przedstaw skarby Tarnowskich G\u00f3r w postaci <strong>plakatu<\/strong>&nbsp;&nbsp;<\/p>\n<ol start=\"7\">\n<li>Wizyta w kopalni<\/li>\n<\/ol>\n<p>Przygotuj folder reklamowy zach\u0119caj\u0105cy do zwiedzenia kopalni srebra w Tarnowskich g\u00f3rach. Jak dojecha\u0107? Co mo\u017cna tam zobaczy\u0107? Jak sp\u0119dzi\u0107 czas? Jakie inne atrakcje czekaj\u0105 nas w pobli\u017cu? Przedstaw przynajmniej dwa wyja\u015bnienia, dlaczego PKP uruchomi\u0142o Srebrny Poci\u0105g?&nbsp;<\/p>\n<ol start=\"8\">\n<li>\u015aredniowieczne miasto<\/li>\n<\/ol>\n<p>W opisach i na planie Wroc\u0142awia odnajd\u017a elementy \u015bredniowieczne: ratusz, pr\u0119gierz, po\u0142\u0105czone kamienice, jatki, katedra, ko\u015bci\u00f3\u0142 farny, studnia miejska, waga miejska, plac targowy. Sprawd\u017a, czy Wroc\u0142aw mia\u0142 wtedy mury miejskie i czy Odr\u0119 mo\u017cna by\u0142o przekroczy\u0107 po mo\u015bcie? <strong>Zaproponuj tras\u0119 spacerow\u0105<\/strong> po \u015bredniowiecznym mie\u015bcie. Wska\u017c zabytki, kt\u00f3re przetrwa\u0142y w cz\u0119\u015bci lub w ca\u0142o\u015bci do naszych czas\u00f3w.<\/p>\n<ol start=\"9\">\n<li>W pracowni kartografa<\/li>\n<\/ol>\n<p>Burmistrz Wroc\u0142awia zleci\u0142 Ci trudn\u0105 robot\u0119. Musisz narysowa\u0107 <strong>plan<\/strong> Wroc\u0142awia. Postaraj si\u0119 nada\u0107 dokumentowi \u015bredniowieczny charakter i przedstawi\u0107 dawne budowle Wroc\u0142awia w ich \u015bredniowiecznej postaci.<\/p>\n<ol start=\"10\">\n<li>Zosta\u0144 architektem krajobrazu<\/li>\n<\/ol>\n<p>Park Mu\u017cakowski to wielki park w stylu angielskim na granicy polsko-niemieckiej. Obejrzyj w Internecie jego zdj\u0119cia, sprawd\u017a na czym polega styl angielski. <strong>Zaprojektuj ogr\u00f3d<\/strong> w stylu angielskim (ogr\u00f3d \u015bredniej wielko\u015bci, taki jak przy wielu domach jednorodzinnych)<\/p>\n<ol start=\"11\">\n<li>Mini panorama<\/li>\n<\/ol>\n<p>We Wroc\u0142awiu znajduje si\u0119 olbrzymie malowid\u0142o o d\u0142ugo\u015bci 114 metr\u00f3w i wysoko\u015bci 5 metr\u00f3w, przedstawiaj\u0105ce jedn\u0105 z bitew Powstania Ko\u015bciuszkowskiego. Obejrzyj je w Internecie i, na kilku arkuszach szarego papieru, <strong>namaluj panoram\u0119<\/strong>, najlepiej w kilkuosobowej grupie, przedstawiaj\u0105c\u0105 jakie\u015b inne wa\u017cne wydarzenie<\/p>\n<ol start=\"12\">\n<li>Papieski pomnik.<\/li>\n<\/ol>\n<p>We Wroc\u0142awiu stoi pomnik jednego z papie\u017cy i wcale nie jest to pomnik Jana Paw\u0142a II. Kto to jest? Co takiego zrobi\u0142 ten dostojnik Ko\u015bcio\u0142a dla Wroc\u0142awia? A co go \u0142\u0105czy z Janem Paw\u0142em II? <strong>Opisz<\/strong> to swoimi s\u0142owami i <strong>przedstaw<\/strong> w spos\u00f3b ciekawy dla Twojej klasy.<\/p>\n<ol start=\"13\">\n<li>Z kamer\u0105 w\u015br\u00f3d zwierz\u0105t.<\/li>\n<\/ol>\n<p>Przez lata we Wroc\u0142awskim ZOO kr\u0119cony by\u0142 program przyrodniczy \u201eZ kamer\u0105 w\u015br\u00f3d zwierz\u0105t\u201d. Odszukaj informacje o tym programie i spr\u00f3buj znale\u017a\u0107 w Internecie (z pomoc\u0105 rodzic\u00f3w) archiwalne programy. Nakr\u0119\u0107 <strong>filmik<\/strong> o swoim zwierz\u0105tku domowym (psie, kocie, rybkach, patyczaku) lub jednym ze zwierz\u0105tek szkolnych w stylu tego programu.<\/p>\n<ol start=\"14\">\n<li>Karkonoskie Eldorado*<\/li>\n<\/ol>\n<p>Kim byli Walo\u0144czycy, kt\u00f3rzy ju\u017c od XI wieku pracowali dla ksi\u0105\u017c\u0105t piastowskich w rejonie Sudet\u00f3w. Jakie skarby tu ich przywiod\u0142y. Wciel si\u0119 w \u015bredniowiecznego przybysza i napisz bogato <strong>ilustrowany list <\/strong>do krewnych w Belgii, w kt\u00f3rym opiszesz swoje znaleziska i prac\u0119.<\/p>\n<p>*Eldorado to legendarna kraina z\u0142ota i bogactw.<\/p>\n<ol start=\"15\">\n<li>Skarby Karkonoszy<\/li>\n<\/ol>\n<p>Sudety to miejsce, gdzie wyst\u0119puje najwi\u0119ksza w Polsce r\u00f3\u017cnorodno\u015b\u0107 minera\u0142\u00f3w. Przedstaw ich wygl\u0105d, pochodzenie i wykorzystanie w <strong>dowolnej formie<\/strong>, kt\u00f3ra wyda Ci si\u0119 najciekawsza dla Twoich r\u00f3wie\u015bnik\u00f3w: plakatu, gry planszowej, prezentacji, opisanej kolekcji itp.<\/p>\n<ol start=\"16\">\n<li>Happening<\/li>\n<\/ol>\n<p>W latach 80-tych XX wieku na ulicach Wroc\u0142awia i innych miast Polski dzia\u0142a\u0142a Pomara\u0144czowa Alternatywa. Na czym polega\u0142y jej akcje? Co to jest happening? Zaprojektuj, zorganizuj i sfilmuj <strong>happening<\/strong> na szkolnym korytarzu.<\/p>\n<ol start=\"17\">\n<li>Polodowcowe kot\u0142y<\/li>\n<\/ol>\n<p>Patrz\u0105c z lotu ptaka na Karkonosze uwag\u0119 przyci\u0105gaj\u0105 ukryte pomi\u0119dzy szczytami p\u00f3\u0142koliste zag\u0142\u0119bienia z niebieskim oczkiem stawu. To kot\u0142y polodowcowe. Dowiedz si\u0119 jak i kiedy powsta\u0142y a nast\u0119pnie przygotuj przestrzenn\u0105 <strong>makiet\u0119<\/strong> jednego z nich. Przedstaw tak\u017ce niezwyk\u0142\u0105 ro\u015blinno\u015b\u0107 kt\u00f3ra tam wyst\u0119puje. Nie zapomnij o opisie<\/p>\n<ol start=\"18\">\n<li>Domowa drukarenka<\/li>\n<\/ol>\n<p>We Wroc\u0142awiu powsta\u0142 pierwszy drukowany tekst w j\u0119zyku polskim. Kiedy to by\u0142o i co zawiera\u0142? By\u0107 mo\u017ce masz piecz\u0105tki z literkami (mo\u017cesz te\u017c zrobi\u0107 czcionki np z gumek) Za ich pomoc\u0105 <strong>wydrukuj<\/strong> jedno zdanie na temat pierwszego druku po polsku.<\/p>\n<ol start=\"19\">\n<li>Nie tylko w Hollywood<\/li>\n<\/ol>\n<p>W Polsce, w Karkonoszach kr\u0119cono sceny jednego z film\u00f3w o Narni. Kt\u00f3ry to film? Odnajd\u017a te sceny na filmie, poszukaj zdj\u0119\u0107 z tych miejsc. Wymy\u015bl jaki inny film (istniej\u0105cy lub nie), mo\u017cna by nakr\u0119ci\u0107 w tej okolicy? Przygotuj <strong>ilustrowan\u0105 propozycj\u0119 dla re\u017cysera<\/strong><\/p>\n<ol start=\"20\">\n<li>\u015acie\u017cki Ducha G\u00f3r<\/li>\n<\/ol>\n<p>Niemcy nazywali go R\u00fcbezahlem, Czesi Krkonoszem a Polacy Liczyrzep\u0105 \u2013 Duch G\u00f3r mo\u017ce przeprowadzi\u0107 si\u0119 przez&nbsp; Karkonosze i ukaza\u0107 ich niezwyk\u0142e pi\u0119kno. Przygotuj <strong>gr\u0119 planszow\u0105<\/strong> opart\u0105 na legendach i najciekawszych miejscach Karkonoszy.<\/p>\n<ol start=\"21\">\n<li>Krymina\u0142 z histori\u0105 w tle<\/li>\n<\/ol>\n<p>Pod koniec XX wieku, w \u015arodzie \u015al\u0105skiej, podczas kopania fundament\u00f3w pod<br \/>\nwsp\u00f3\u0142czesny bank, odkryto skarb \u015bredniowiecznego bankiera. Cz\u0119\u015b\u0107 kosztowno\u015bci<br \/>\nuda\u0142o si\u0119 zabezpieczy\u0107 i znajduj\u0105 si\u0119 w Muzeum w \u015arodzie \u015al\u0105skiej, reszta<br \/>\n\u201erozesz\u0142a si\u0119\u201d w\u015br\u00f3d&nbsp; okolicznych mieszka\u0144c\u00f3w.&nbsp; Napisz <strong>opowie\u015b\u0107<br \/>\ndetektywistyczn\u0105<\/strong>, w kt\u00f3rej nieoczekiwane odkrycie b\u0119dzie osnow\u0105 intrygi<br \/>\nkryminalnej.<\/p>\n<ol start=\"22\">\n<li>Powstania \u015bl\u0105skie \u2013 makieta<\/li>\n<\/ol>\n<p>Po I wojnie \u015bwiatowej trwa\u0142y spory o \u015al\u0105sk, kt\u00f3ry chcieli mie\u0107 w swoim pa\u0144stwie zar\u00f3wno Niemcy, jak i Polacy. Dosz\u0142o do walk zbrojnych przygotuj <strong>makiet\u0119 jednej z bitew<\/strong> jednego z trzech powsta\u0144 \u015bl\u0105skich, np. bitwy o G\u00f3r\u0119 \u015bw. Anny.<\/p>\n<ol start=\"23\">\n<li>.Odkrycie Jaskini Nied\u017awiedziej<\/li>\n<\/ol>\n<p>Na Jaskini\u0119 Nied\u017awiedzi\u0105 natrafiono w 1966 roku ale wci\u0105\u017c odkrywane s\u0105 nowe korytarze i sale. Przedstaw historie tych odkry\u0107 i sama niezwyk\u0142\u0105 jaskini\u0119 w formie <strong>serii sensacyjnych notatek prasowych<\/strong>.<\/p>\n<ol start=\"24\">\n<li>Mieszka\u0144cy Jaskini Nied\u017awiedziej<\/li>\n<\/ol>\n<p>Przedstaw w <strong>formie plastycznej<\/strong> (graficznej lub przestrzennej) prehistorycznych mieszka\u0144c\u00f3w Jaskini Nied\u017awiedziej<\/p>\n<ol start=\"25\">\n<li>Sensacje XX wieku \u2013 z\u0142oty poci\u0105g<\/li>\n<\/ol>\n<p>Podczas II wojny \u015bwiatowej Niemcy zbudowali w Walimiu, Rzeczce i pi\u0119ciu innych miejscach podziemne miasta. Obejrzyj te konstrukcje, poczytaj przekazy i nakr\u0119\u0107 <strong>reporta\u017c<\/strong> w stylu program\u00f3w Bogus\u0142awa Wo\u0142osza\u0144skiego. Mo\u017cesz w nim zawrze\u0107 odkrywanie z\u0142otego poci\u0105gu i prezentacj\u0119 znajduj\u0105cych si\u0119 tam skarb\u00f3w zrabowanych przez Niemc\u00f3w podczas II wojny.<\/p>\n<ol start=\"26\">\n<li>\u015al\u0105ski Gibraltar<\/li>\n<\/ol>\n<p>Na Srebrnej G\u00f3rze wybudowano w XVIII wieku fortyfikacje rozplanowane na trzech wzg\u00f3rzach, zamykaj\u0105ce dost\u0119p do \u015al\u0105ska przez Prze\u0142\u0119cz Srebrn\u0105. Odtw\u00f3rz w <strong>makiecie<\/strong> naturalne warunki geograficzne i konstrukcje in\u017cynier\u00f3w militarnych z XVIII wieku.<\/p>\n<ol start=\"27\">\n<li>Logo wytw\u00f3rni film\u00f3w animowanych<\/li>\n<\/ol>\n<p>Stw\u00f3rz <strong>animowane logo<\/strong> w stylu czo\u0142\u00f3wki film\u00f3w Disneya, w kt\u00f3rym wykorzystasz sylwetk\u0119 jednego z zamk\u00f3w \u015bl\u0105skich np..: Ksi\u0105\u017c, Moszna, Czocha, G\u0142og\u00f3wek itp.<\/p>\n<ol start=\"28\">\n<li>Kolekcja stroj\u00f3w dla ksi\u0119\u017cnej Daisy<\/li>\n<\/ol>\n<p>W \u015bl\u0105skim zamku w Pszczynie mieszka\u0142a na prze\u0142omie XIX\/XX ksi\u0119\u017cna angielska Maria Teresa Oliwia Hochberg von Pless, nazywana Daisy. Z b\u0142ogos\u0142awie\u0144stwem kr\u00f3lowej Anglii Wiktorii, po\u015blubi\u0142a maj\u0119tnego ksi\u0119cia pszczy\u0144skiego <a href=\"http:\/\/pl.wikipedia.org\/wiki\/Jan_Henryk_XV_Hochberg_ksi%C4%85%C5%BC%C4%99_von_Pless\">Hansa Heinricha XV Hochberga<\/a>. Ksi\u0119\u017cna Daisy zas\u0142yn\u0119\u0142a z dzia\u0142alno\u015bci charytatywnej, opieki nad sieroci\u0144cami i szpitalami. Przygotuj <strong>kolekcje stroj\u00f3w<\/strong> z epoki: na bal charytatywny, do konnej jazdy, do wizyt w szpitalach polowych I Wojny \u015awiatowej lub w sieroci\u0144cach<\/p>\n<ol start=\"29\">\n<li>Poczet Piast\u00f3w \u015bl\u0105skich<\/li>\n<\/ol>\n<p>Przez ponad 500 lat na \u015al\u0105sku panowali Piastowie \u015bl\u0105scy. Zosta\u0144 Matejk\u0105 tej rodziny i poznawszy historie \u015bw. Jadwigi, Henryka Brodatego, Henryka Pobo\u017cnego i innych ksi\u0105\u017c\u0105t \u015bl\u0105skich namaluj <strong>kolekcj\u0119 portret\u00f3w<\/strong> z historiami \u015bl\u0105skimi (4-5 obraz\u00f3w z wydarzeniami z epoki).<\/p>\n<ol start=\"30\">\n<li>Per\u0142a baroku<\/li>\n<\/ol>\n<p>W Lubi\u0105\u017cu znajduje si\u0119 najwi\u0119ksze na \u015bwiecie opactwo cysters\u00f3w, per\u0142a \u015bl\u0105skiego baroku. Przygotuj <strong>folder<\/strong> reklamuj\u0105cy to miejsce \u2013 nie dla turyst\u00f3w ale dla inwestora, kt\u00f3ry, gotowy uszanowa\u0107 miejsce, wyremontowa\u0142by je i przystosowa\u0142 do jakiego\u015b kulturalnego celu (np. festiwalu muzyki Wratislavia Cantans).<\/p>\n<ol start=\"31\">\n<li>Ko\u015bci\u00f3\u0142 Wiking\u00f3w pod \u015anie\u017ck\u0105<\/li>\n<\/ol>\n<p>Zosta\u0144 dziennikarzem kulturalnym i przedstaw w swojej autorskiej <strong>gazetce<\/strong> sensacyjn\u0105 histori\u0119 przeniesienia Ko\u015bcio\u0142a Vang z Norwegii pod Karkonosze. Zrelacjonuj sk\u0105d, jak i dlaczego si\u0119 tu znalaz\u0142, narysuj konstrukcj\u0119 i dekoracje ko\u015bcio\u0142a s\u0142upowego. Twoich czytelnik\u00f3w zainteresuj\u0105 wiadomo\u015bci historyczne, ciekawostki oraz pi\u0119kne r\u0119czne ilustracje<\/p>\n<ol start=\"32\">\n<li>Manuskrypt henrykowski<\/li>\n<\/ol>\n<p>W zakonie cysters\u00f3w w Henrykowie znajduje si\u0119 ksi\u0119ga, w kt\u00f3rej po raz pierwszy zapisano tekst w j\u0119zyku polskim. Przygotuj <strong>kart\u0119 r\u0119kopisu<\/strong> z tym zdaniem, odpowiadaj\u0105c\u0105 wymogom epoki z inicja\u0142em, iluminacj\u0105, marginesami.<\/p>\n<ol start=\"33\">\n<li>Niezwyk\u0142e konstrukcje architektonicznym<\/li>\n<\/ol>\n<p>XIX wieczni konstruktorzy posiadali ogromne umiej\u0119tno\u015bci in\u017cynierskie. Nie<br \/>\ntylko wie\u017ca Eiffla w Pary\u017cu jest tego dowodem. A w Polsce mamy ju\u017c z XVII<br \/>\nwieku Ko\u015bcio\u0142y Pokoju w \u015awidnicy i Jaworze oraz XIX-wieczn\u0105 Hal\u0119 Stulecia we<br \/>\nWroc\u0142awiu. Dowiedz si\u0119 dlaczego te budowle s\u0105 niezwyk\u0142e. Wykonaj <strong>model<\/strong> jednej<br \/>\nz tych budowli, wykorzystuj\u0105c dowolne materia\u0142y<\/p>\n<ol start=\"34\">\n<li>\u201eKrasnoludki\u2026s\u0105 na \u015bwiecie\u201d<\/li>\n<\/ol>\n<p>W latach 80-tych XX wieku na ulicach Wroc\u0142awia cz\u0119sto pojawia\u0142y si\u0119 krasnoludki. Sprawd\u017a, sk\u0105d si\u0119 wzi\u0119\u0142y i dlaczego, co maj\u0105 wsp\u00f3lnego z kolorem pomara\u0144czowym. Dowiedz si\u0119, gdzie w Warszawie zachowa\u0142 si\u0119 taki krasnoludek i koniecznie si\u0119 z nim sfotografuj. Obejrzyj krasnale, kt\u00f3re kryj\u0105 si\u0119 do dzi\u015b na ulicach Wroc\u0142awia i zaprojektuj jeszcze jednego, kt\u00f3ry m\u00f3g\u0142by si\u0119 tam znale\u017a\u0107.<\/p>\n<ol start=\"35\">\n<li>\u015awi\u0119ta \u017byd\u00f3wka<\/li>\n<\/ol>\n<p>\u015awi\u0119ta Edyta Stein pochodzi z Wroc\u0142awia. Dowiedz si\u0119, jak wygl\u0105da\u0142o jej \u017cycie rodzinne. Jakie pami\u0105tki mog\u0142y po niej zosta\u0107? Dok\u0105d wyjecha\u0142a? Co wa\u017cnego w \u017cyciu zrobi\u0142a? Co wydarzy\u0142o si\u0119 w czasie II wojny \u015bwiatowej? Przeprowad\u017a i zapisz <strong>wywiad ze \u015bwi\u0119t\u0105.<\/strong><\/p>\n<ol start=\"36\">\n<li>Festung Breslau<\/li>\n<\/ol>\n<p>Przez ok. 700 lat Wroc\u0142aw nie nale\u017ca\u0142 do Polski. Pod koniec II wojny \u015bwiatowej we Wroc\u0142awiu, zamienionym na twierdz\u0119 zwan\u0105 Festung Breslau bronili si\u0119 Niemcy przed Armi\u0105 Czerwon\u0105. Obrona twierdzy by\u0142a bardzo dramatyczna, szczeg\u00f3lnie dla ludno\u015bci cywilnej. Poszukaj informacji na ten temat i narysuj <strong>komiks historyczny<\/strong><\/p>\n<ol start=\"37\">\n<li>Sekrety m\u0142ynarza<\/li>\n<\/ol>\n<p>Sk\u0105d si\u0119 bierze m\u0105ka? Jak si\u0119 j\u0105 produkuje? Jak produkowano j\u0105 dawniej? Czym r\u00f3\u017cni si\u0119 od innych m\u0105ka wroc\u0142awska i kto j\u0105 wymy\u015bli\u0142? Ujawnij <strong>sekrety m\u0142ynarza<\/strong> w ciekawej, plastycznej formie<\/p>\n<p>&nbsp;<\/p>\n<p>&nbsp;<\/p>\n","protected":false},"excerpt":{"rendered":"<p>PLIK WORD DO POBRANIA: \u015ala\u0328sk zadania Region drugi \u2013 \u015al\u0105sk Termin oddawania prac up\u0142ywa 12 listopada 2018. Pami\u0119taj o zasadach dobrej pracy Napisz prace swoimi s\u0142owami. Szukaj informacji w r\u00f3\u017cnych \u017ar\u00f3d\u0142ach : internet, ksi\u0105\u017cki, encyklopedie. Je\u015bli cos cytujesz lub korzystasz z cudzych zdj\u0119\u0107, koniecznie podaj \u017ar\u00f3d\u0142o: adres strony, autora i tytu\u0142 ksi\u0105\u017cki. &nbsp; Ch\u0142op Rybka [&hellip;]<\/p>\n","protected":false},"author":2,"featured_media":0,"comment_status":"closed","ping_status":"closed","sticky":false,"template":"","format":"standard","meta":{"ngg_post_thumbnail":0,"footnotes":""},"categories":[4,11,7],"tags":[],"class_list":["post-304853","post","type-post","status-publish","format-standard","hentry","category-aktualnosci","category-slask","category-zadania"],"yoast_head":"<!-- This site is optimized with the Yoast SEO plugin v20.5 - https:\/\/yoast.com\/wordpress\/plugins\/seo\/ -->\n<title>ZADANIA \u015al\u0105sk - 20181018 - \u201eCudze chwalicie, swego nie znacie...\u201d M\u0142ody Polak w Europie<\/title>\n<meta name=\"robots\" content=\"index, follow, max-snippet:-1, max-image-preview:large, max-video-preview:-1\" \/>\n<link rel=\"canonical\" href=\"https:\/\/polakweuropie.sprjp2.edu.pl\/?p=304853\" \/>\n<meta property=\"og:locale\" content=\"pl_PL\" \/>\n<meta property=\"og:type\" content=\"article\" \/>\n<meta property=\"og:title\" content=\"ZADANIA \u015al\u0105sk - 20181018 - \u201eCudze chwalicie, swego nie znacie...\u201d M\u0142ody Polak w Europie\" \/>\n<meta property=\"og:description\" content=\"PLIK WORD DO POBRANIA: \u015ala\u0328sk zadania Region drugi \u2013 \u015al\u0105sk Termin oddawania prac up\u0142ywa 12 listopada 2018. Pami\u0119taj o zasadach dobrej pracy Napisz prace swoimi s\u0142owami. Szukaj informacji w r\u00f3\u017cnych \u017ar\u00f3d\u0142ach : internet, ksi\u0105\u017cki, encyklopedie. Je\u015bli cos cytujesz lub korzystasz z cudzych zdj\u0119\u0107, koniecznie podaj \u017ar\u00f3d\u0142o: adres strony, autora i tytu\u0142 ksi\u0105\u017cki. &nbsp; Ch\u0142op Rybka [&hellip;]\" \/>\n<meta property=\"og:url\" content=\"https:\/\/polakweuropie.sprjp2.edu.pl\/?p=304853\" \/>\n<meta property=\"og:site_name\" content=\"\u201eCudze chwalicie, swego nie znacie...\u201d M\u0142ody Polak w Europie\" \/>\n<meta property=\"article:published_time\" content=\"2018-10-18T12:03:20+00:00\" \/>\n<meta name=\"author\" content=\"julita\" \/>\n<meta name=\"twitter:card\" content=\"summary_large_image\" \/>\n<meta name=\"twitter:label1\" content=\"Napisane przez\" \/>\n\t<meta name=\"twitter:data1\" content=\"julita\" \/>\n\t<meta name=\"twitter:label2\" content=\"Szacowany czas czytania\" \/>\n\t<meta name=\"twitter:data2\" content=\"10 minut\" \/>\n<script type=\"application\/ld+json\" class=\"yoast-schema-graph\">{\"@context\":\"https:\/\/schema.org\",\"@graph\":[{\"@type\":\"WebPage\",\"@id\":\"https:\/\/polakweuropie.sprjp2.edu.pl\/?p=304853\",\"url\":\"https:\/\/polakweuropie.sprjp2.edu.pl\/?p=304853\",\"name\":\"ZADANIA \u015al\u0105sk - 20181018 - \u201eCudze chwalicie, swego nie znacie...\u201d M\u0142ody Polak w Europie\",\"isPartOf\":{\"@id\":\"https:\/\/polakweuropie.sprjp2.edu.pl\/#website\"},\"datePublished\":\"2018-10-18T12:03:20+00:00\",\"dateModified\":\"2018-10-18T12:03:20+00:00\",\"author\":{\"@id\":\"https:\/\/polakweuropie.sprjp2.edu.pl\/#\/schema\/person\/55d15ad9ff0a18c76ef8648a1b221c68\"},\"breadcrumb\":{\"@id\":\"https:\/\/polakweuropie.sprjp2.edu.pl\/?p=304853#breadcrumb\"},\"inLanguage\":\"pl-PL\",\"potentialAction\":[{\"@type\":\"ReadAction\",\"target\":[\"https:\/\/polakweuropie.sprjp2.edu.pl\/?p=304853\"]}]},{\"@type\":\"BreadcrumbList\",\"@id\":\"https:\/\/polakweuropie.sprjp2.edu.pl\/?p=304853#breadcrumb\",\"itemListElement\":[{\"@type\":\"ListItem\",\"position\":1,\"name\":\"Strona g\u0142\u00f3wna\",\"item\":\"https:\/\/polakweuropie.sprjp2.edu.pl\/\"},{\"@type\":\"ListItem\",\"position\":2,\"name\":\"ZADANIA \u015al\u0105sk &#8211; 20181018\"}]},{\"@type\":\"WebSite\",\"@id\":\"https:\/\/polakweuropie.sprjp2.edu.pl\/#website\",\"url\":\"https:\/\/polakweuropie.sprjp2.edu.pl\/\",\"name\":\"\u201eCudze chwalicie, swego nie znacie...\u201d M\u0142ody Polak w Europie\",\"description\":\"Projekt w Szkole Podstawowej nr 112 Przymierza Rodzin\",\"potentialAction\":[{\"@type\":\"SearchAction\",\"target\":{\"@type\":\"EntryPoint\",\"urlTemplate\":\"https:\/\/polakweuropie.sprjp2.edu.pl\/?s={search_term_string}\"},\"query-input\":\"required name=search_term_string\"}],\"inLanguage\":\"pl-PL\"},{\"@type\":\"Person\",\"@id\":\"https:\/\/polakweuropie.sprjp2.edu.pl\/#\/schema\/person\/55d15ad9ff0a18c76ef8648a1b221c68\",\"name\":\"julita\",\"image\":{\"@type\":\"ImageObject\",\"inLanguage\":\"pl-PL\",\"@id\":\"https:\/\/polakweuropie.sprjp2.edu.pl\/#\/schema\/person\/image\/\",\"url\":\"https:\/\/secure.gravatar.com\/avatar\/56a886136d849848ec6f01563ddb80b3?s=96&d=mm&r=g\",\"contentUrl\":\"https:\/\/secure.gravatar.com\/avatar\/56a886136d849848ec6f01563ddb80b3?s=96&d=mm&r=g\",\"caption\":\"julita\"},\"url\":\"https:\/\/polakweuropie.sprjp2.edu.pl\/?author=2\"}]}<\/script>\n<!-- \/ Yoast SEO plugin. -->","yoast_head_json":{"title":"ZADANIA \u015al\u0105sk - 20181018 - \u201eCudze chwalicie, swego nie znacie...\u201d M\u0142ody Polak w Europie","robots":{"index":"index","follow":"follow","max-snippet":"max-snippet:-1","max-image-preview":"max-image-preview:large","max-video-preview":"max-video-preview:-1"},"canonical":"https:\/\/polakweuropie.sprjp2.edu.pl\/?p=304853","og_locale":"pl_PL","og_type":"article","og_title":"ZADANIA \u015al\u0105sk - 20181018 - \u201eCudze chwalicie, swego nie znacie...\u201d M\u0142ody Polak w Europie","og_description":"PLIK WORD DO POBRANIA: \u015ala\u0328sk zadania Region drugi \u2013 \u015al\u0105sk Termin oddawania prac up\u0142ywa 12 listopada 2018. Pami\u0119taj o zasadach dobrej pracy Napisz prace swoimi s\u0142owami. Szukaj informacji w r\u00f3\u017cnych \u017ar\u00f3d\u0142ach : internet, ksi\u0105\u017cki, encyklopedie. Je\u015bli cos cytujesz lub korzystasz z cudzych zdj\u0119\u0107, koniecznie podaj \u017ar\u00f3d\u0142o: adres strony, autora i tytu\u0142 ksi\u0105\u017cki. &nbsp; Ch\u0142op Rybka [&hellip;]","og_url":"https:\/\/polakweuropie.sprjp2.edu.pl\/?p=304853","og_site_name":"\u201eCudze chwalicie, swego nie znacie...\u201d M\u0142ody Polak w Europie","article_published_time":"2018-10-18T12:03:20+00:00","author":"julita","twitter_card":"summary_large_image","twitter_misc":{"Napisane przez":"julita","Szacowany czas czytania":"10 minut"},"schema":{"@context":"https:\/\/schema.org","@graph":[{"@type":"WebPage","@id":"https:\/\/polakweuropie.sprjp2.edu.pl\/?p=304853","url":"https:\/\/polakweuropie.sprjp2.edu.pl\/?p=304853","name":"ZADANIA \u015al\u0105sk - 20181018 - \u201eCudze chwalicie, swego nie znacie...\u201d M\u0142ody Polak w Europie","isPartOf":{"@id":"https:\/\/polakweuropie.sprjp2.edu.pl\/#website"},"datePublished":"2018-10-18T12:03:20+00:00","dateModified":"2018-10-18T12:03:20+00:00","author":{"@id":"https:\/\/polakweuropie.sprjp2.edu.pl\/#\/schema\/person\/55d15ad9ff0a18c76ef8648a1b221c68"},"breadcrumb":{"@id":"https:\/\/polakweuropie.sprjp2.edu.pl\/?p=304853#breadcrumb"},"inLanguage":"pl-PL","potentialAction":[{"@type":"ReadAction","target":["https:\/\/polakweuropie.sprjp2.edu.pl\/?p=304853"]}]},{"@type":"BreadcrumbList","@id":"https:\/\/polakweuropie.sprjp2.edu.pl\/?p=304853#breadcrumb","itemListElement":[{"@type":"ListItem","position":1,"name":"Strona g\u0142\u00f3wna","item":"https:\/\/polakweuropie.sprjp2.edu.pl\/"},{"@type":"ListItem","position":2,"name":"ZADANIA \u015al\u0105sk &#8211; 20181018"}]},{"@type":"WebSite","@id":"https:\/\/polakweuropie.sprjp2.edu.pl\/#website","url":"https:\/\/polakweuropie.sprjp2.edu.pl\/","name":"\u201eCudze chwalicie, swego nie znacie...\u201d M\u0142ody Polak w Europie","description":"Projekt w Szkole Podstawowej nr 112 Przymierza Rodzin","potentialAction":[{"@type":"SearchAction","target":{"@type":"EntryPoint","urlTemplate":"https:\/\/polakweuropie.sprjp2.edu.pl\/?s={search_term_string}"},"query-input":"required name=search_term_string"}],"inLanguage":"pl-PL"},{"@type":"Person","@id":"https:\/\/polakweuropie.sprjp2.edu.pl\/#\/schema\/person\/55d15ad9ff0a18c76ef8648a1b221c68","name":"julita","image":{"@type":"ImageObject","inLanguage":"pl-PL","@id":"https:\/\/polakweuropie.sprjp2.edu.pl\/#\/schema\/person\/image\/","url":"https:\/\/secure.gravatar.com\/avatar\/56a886136d849848ec6f01563ddb80b3?s=96&d=mm&r=g","contentUrl":"https:\/\/secure.gravatar.com\/avatar\/56a886136d849848ec6f01563ddb80b3?s=96&d=mm&r=g","caption":"julita"},"url":"https:\/\/polakweuropie.sprjp2.edu.pl\/?author=2"}]}},"_links":{"self":[{"href":"https:\/\/polakweuropie.sprjp2.edu.pl\/index.php?rest_route=\/wp\/v2\/posts\/304853"}],"collection":[{"href":"https:\/\/polakweuropie.sprjp2.edu.pl\/index.php?rest_route=\/wp\/v2\/posts"}],"about":[{"href":"https:\/\/polakweuropie.sprjp2.edu.pl\/index.php?rest_route=\/wp\/v2\/types\/post"}],"author":[{"embeddable":true,"href":"https:\/\/polakweuropie.sprjp2.edu.pl\/index.php?rest_route=\/wp\/v2\/users\/2"}],"replies":[{"embeddable":true,"href":"https:\/\/polakweuropie.sprjp2.edu.pl\/index.php?rest_route=%2Fwp%2Fv2%2Fcomments&post=304853"}],"version-history":[{"count":1,"href":"https:\/\/polakweuropie.sprjp2.edu.pl\/index.php?rest_route=\/wp\/v2\/posts\/304853\/revisions"}],"predecessor-version":[{"id":304857,"href":"https:\/\/polakweuropie.sprjp2.edu.pl\/index.php?rest_route=\/wp\/v2\/posts\/304853\/revisions\/304857"}],"wp:attachment":[{"href":"https:\/\/polakweuropie.sprjp2.edu.pl\/index.php?rest_route=%2Fwp%2Fv2%2Fmedia&parent=304853"}],"wp:term":[{"taxonomy":"category","embeddable":true,"href":"https:\/\/polakweuropie.sprjp2.edu.pl\/index.php?rest_route=%2Fwp%2Fv2%2Fcategories&post=304853"},{"taxonomy":"post_tag","embeddable":true,"href":"https:\/\/polakweuropie.sprjp2.edu.pl\/index.php?rest_route=%2Fwp%2Fv2%2Ftags&post=304853"}],"curies":[{"name":"wp","href":"https:\/\/api.w.org\/{rel}","templated":true}]}}