{"id":23,"date":"2012-11-19T14:03:41","date_gmt":"2012-11-19T13:03:41","guid":{"rendered":"http:\/\/polakweuropie.sprjp2.edu.pl\/?p=23"},"modified":"2012-11-19T14:03:41","modified_gmt":"2012-11-19T13:03:41","slug":"zadania-z-drugiego-obszaru-pomorze-i-mazury","status":"publish","type":"post","link":"https:\/\/polakweuropie.sprjp2.edu.pl\/?p=23","title":{"rendered":"Zadania z drugiego obszaru &#8222;Pomorze i Mazury&#8221;"},"content":{"rendered":"<p><strong>Zadania do 3 etapu projektu \u201eCudze chwalicie, swego nie znacie\u201d<\/strong><\/p>\n<p><strong>Obszar II &#8211; POMORZE I MAZURY<\/strong><\/p>\n<p><strong>Termin I: do 19 grudnia<\/strong><br \/>\n<strong>Punktacja: od 0-10 pkt za zadanie, + 5 punkt\u00f3w za oddanie w terminie, + 10 punkt\u00f3w za prac\u0119 w j\u0119zyku obcym<\/strong><\/p>\n<p>1.\u00a0\u00a0 \u00a0\u201eGotyk na dotyk\u201d<br \/>\nPrzygotuj makiet\u0119 wybranego zamku krzy\u017cackiego lub toru\u0144skiej kamienicy mieszcza\u0144skiej (np. Krzywa Wie\u017ca). Staraj si\u0119 zachowa\u0107 odpowiednie proporcje. Podkre\u015bl szczeg\u00f3lnie elementy gotyckie.<\/p>\n<p>2.\u00a0\u00a0 \u00a0\u201eNarysuj mi Toru\u0144\u201d<br \/>\nNarysuj komiks przedstawiaj\u0105cy jedn\u0105 z legend toru\u0144skich. Pami\u0119taj, aby legenda mia\u0142a w tle autentyczn\u0105 architektur\u0119 toru\u0144sk\u0105.<\/p>\n<p>3.\u00a0\u00a0 \u00a0\u201eToru\u0144skie pierniki\u201d<br \/>\nPrzygotuj pi\u0119kne pierniki wed\u0142ug staropolskiej receptury. Sfotografuj je w \u015bwi\u0105tecznej aran\u017cacji i dostarcz zdj\u0119cie w formacie A4 organizatorom.<\/p>\n<p>4.\u00a0\u00a0 \u00a0\u201eSzpieg u Wielkiego Mistrza\u201d<br \/>\nWyobra\u017a sobie, \u017ce znalaz\u0142a\u015b\/-e\u015b si\u0119 na zamku krzy\u017cackim w Malborku ok. 1405 r. Jeste\u015b go\u015bciem wielkiego mistrza\u00a0 ale jednocze\u015bnie wiernym poddanym polskiego kr\u00f3la. Wiesz \u017ce szykuje si\u0119 wojna i by\u0107 mo\u017ce zdobywanie zamku. Wszystko jest wa\u017cne: rozmieszczenie pomieszcze\u0144, liczba rycerzy, tajne przej\u015bcia, pods\u0142uchy. Zdaj relacj\u0119 pisemn\u0105 kr\u00f3lowi W\u0142adys\u0142awowi Jagielle, co si\u0119 dzieje na zamku w Malborku? Dodaj plany zamku.<\/p>\n<p>5.\u00a0\u00a0 \u00a0\u201eWiadomo\u015bci wieczorne z 15 lipca 1410\u201d<br \/>\nNagrajcie migawk\u0119 z wydarze\u0144 pod Grunwaldem, poka\u017ccie dow\u00f3dc\u00f3w i prze\u0142omowe momenty bitwy. W relacji postarajcie si\u0119 o kr\u00f3tkie wywiady z bohaterami bitwy. Nagrajcie wydanie Wiadomo\u015bci na p\u0142ytk\u0119 CD.<\/p>\n<p>6.\u00a0\u00a0 \u00a0\u201ePokonaj Krzy\u017cak\u00f3w\u201d<br \/>\nPrzygotuj gr\u0119 planszow\u0105, przedstawiaj\u0105c\u0105 rozmieszczenie zamk\u00f3w krzy\u017cackich na Pomorzu i Mazurach i\u00a0 wymy\u015bl regu\u0142y, kt\u00f3re pozwol\u0105 stoczy\u0107 wojn\u0119 i uwolni\u0107 te ziemie od Krzy\u017cak\u00f3w<\/p>\n<p>7.\u00a0\u00a0 \u00a0\u201eZlecenie od kr\u00f3la Prus\u201d<br \/>\nJest pocz\u0105tek XIX wieku. Handel kwitnie, nie ma jednak ani kolei, ani autostrad. Towary przewozi si\u0119 g\u0142ownie statkami. Ale jak transportowa\u0107 towary z Prus do Morza Ba\u0142tyckiego? Szczeg\u00f3lnie cenna jest sosna taborska, potrzebna do budowy maszt\u00f3w okr\u0119towych. Rosn\u0105 one w okolicach Mi\u0142om\u0142yna. Przyjmij zlecenie kr\u00f3la Prus na drog\u0119 wodn\u0105 mi\u0119dzy Ba\u0142tykiem a Prusami Wschodnimi. Przedstaw XIX wieczne rozwi\u0105zanie tego problemu.<\/p>\n<p>8.\u00a0\u00a0 \u00a0\u201eW krainie Ol\u0119dr\u00f3w\u201d<br \/>\nWybierz si\u0119 w wyobra\u017ani na \u017bu\u0142awy Wi\u015blane, do krainy holenderskich osadnik\u00f3w. Dowiedz si\u0119 kim byli Ol\u0119drzy, jakiego byli wyznania i dlaczego pojawili si\u0119 w Polsce. Odszukaj \u015blady ich kultury: domy podcieniowe, kana\u0142y, pochylnie, kapliczki, wiatraki, przydro\u017cne kapliczki. Efekty swojej wirtualnej podr\u00f3\u017cy przedstaw w dowolnej formie (np. plakat, album, prezentacja makieta osady, szkice z podr\u00f3\u017cy)<\/p>\n<p>9.\u00a0\u00a0 \u00a0\u201eM\u0142ody in\u017cynier\u201d<br \/>\nPrzygotuj makiet\u0119 lub makiety urz\u0105dze\u0144 (\u015bluzy, pochylnie) umo\u017cliwiaj\u0105cych \u017ceglug\u0119 Kana\u0142em Elbl\u0105skim<\/p>\n<p>10.\u00a0\u00a0 \u00a0\u201ePolska Amazonia\u201d<br \/>\nJezioro Druzno to niezwyk\u0142e jezioro deltowe na \u017bu\u0142awach Wi\u015blanych. Przedstaw to jezioro i jego mieszka\u0144c\u00f3w w dowolnej, bogato ilustrowanej formie.<\/p>\n<p>11.\u00a0\u00a0 \u00a0\u201eWstrzyma\u0142 S\u0142o\u0144ce, ruszy\u0142 Ziemi\u0119\u201d<br \/>\nCo odkry\u0142 Kopernik? Jak wygl\u0105da\u0142 wed\u0142ug niego Uk\u0142ad S\u0142oneczny? Dlaczego by\u0142o to tak wa\u017cne i niepokoj\u0105ce w tamtych czasach odkrycie? Napisz donos na niego do papie\u017ca, do\u0142\u0105cz ilustracje jego teorii.<\/p>\n<p>12.\u00a0\u00a0 \u00a0\u201eZgaduj zgadula \u2013 co to za kula?\u201d<br \/>\nDowiedz si\u0119, co Kopernik na warszawskim pomniku trzyma w r\u0119ku i zr\u00f3b przybli\u017cony model tego urz\u0105dzenia (np. z drutu) i wyja\u015bnij do czego s\u0142u\u017cy\u0142o.<\/p>\n<p>13.\u00a0\u00a0 \u00a0\u201eM\u00f3wi\u0105 wieki\u201d<br \/>\nNa podstawie wybranych artyku\u0142\u00f3w z magazynu historycznego \u201eM\u00f3wi\u0105 wieki\u201d przygotuj razem z grup\u0105 prezentacj\u0119 naukow\u0105 na temat historii Torunia. Te prac\u0119 mo\u017cna wykona\u0107 w grupie, na informatyce.<\/p>\n","protected":false},"excerpt":{"rendered":"<p>Zadania do 3 etapu projektu \u201eCudze chwalicie, swego nie znacie\u201d Obszar II &#8211; POMORZE I MAZURY Termin I: do 19 grudnia Punktacja: od 0-10 pkt za zadanie, + 5 punkt\u00f3w za oddanie w terminie, + 10 punkt\u00f3w za prac\u0119 w j\u0119zyku obcym 1.\u00a0\u00a0 \u00a0\u201eGotyk na dotyk\u201d Przygotuj makiet\u0119 wybranego zamku krzy\u017cackiego lub toru\u0144skiej kamienicy mieszcza\u0144skiej [&hellip;]<\/p>\n","protected":false},"author":1,"featured_media":0,"comment_status":"open","ping_status":"open","sticky":false,"template":"","format":"standard","meta":{"ngg_post_thumbnail":0,"footnotes":""},"categories":[4,7],"tags":[],"class_list":["post-23","post","type-post","status-publish","format-standard","hentry","category-aktualnosci","category-zadania"],"yoast_head":"<!-- This site is optimized with the Yoast SEO plugin v20.5 - https:\/\/yoast.com\/wordpress\/plugins\/seo\/ -->\n<title>Zadania z drugiego obszaru &quot;Pomorze i Mazury&quot; - \u201eCudze chwalicie, swego nie znacie...\u201d M\u0142ody Polak w Europie<\/title>\n<meta name=\"robots\" content=\"index, follow, max-snippet:-1, max-image-preview:large, max-video-preview:-1\" \/>\n<link rel=\"canonical\" href=\"https:\/\/polakweuropie.sprjp2.edu.pl\/?p=23\" \/>\n<meta property=\"og:locale\" content=\"pl_PL\" \/>\n<meta property=\"og:type\" content=\"article\" \/>\n<meta property=\"og:title\" content=\"Zadania z drugiego obszaru &quot;Pomorze i Mazury&quot; - \u201eCudze chwalicie, swego nie znacie...\u201d M\u0142ody Polak w Europie\" \/>\n<meta property=\"og:description\" content=\"Zadania do 3 etapu projektu \u201eCudze chwalicie, swego nie znacie\u201d Obszar II &#8211; POMORZE I MAZURY Termin I: do 19 grudnia Punktacja: od 0-10 pkt za zadanie, + 5 punkt\u00f3w za oddanie w terminie, + 10 punkt\u00f3w za prac\u0119 w j\u0119zyku obcym 1.\u00a0\u00a0 \u00a0\u201eGotyk na dotyk\u201d Przygotuj makiet\u0119 wybranego zamku krzy\u017cackiego lub toru\u0144skiej kamienicy mieszcza\u0144skiej [&hellip;]\" \/>\n<meta property=\"og:url\" content=\"https:\/\/polakweuropie.sprjp2.edu.pl\/?p=23\" \/>\n<meta property=\"og:site_name\" content=\"\u201eCudze chwalicie, swego nie znacie...\u201d M\u0142ody Polak w Europie\" \/>\n<meta property=\"article:published_time\" content=\"2012-11-19T13:03:41+00:00\" \/>\n<meta name=\"author\" content=\"admin\" \/>\n<meta name=\"twitter:card\" content=\"summary_large_image\" \/>\n<meta name=\"twitter:label1\" content=\"Napisane przez\" \/>\n\t<meta name=\"twitter:data1\" content=\"admin\" \/>\n\t<meta name=\"twitter:label2\" content=\"Szacowany czas czytania\" \/>\n\t<meta name=\"twitter:data2\" content=\"3 minuty\" \/>\n<script type=\"application\/ld+json\" class=\"yoast-schema-graph\">{\"@context\":\"https:\/\/schema.org\",\"@graph\":[{\"@type\":\"WebPage\",\"@id\":\"https:\/\/polakweuropie.sprjp2.edu.pl\/?p=23\",\"url\":\"https:\/\/polakweuropie.sprjp2.edu.pl\/?p=23\",\"name\":\"Zadania z drugiego obszaru \\\"Pomorze i Mazury\\\" - \u201eCudze chwalicie, swego nie znacie...\u201d M\u0142ody Polak w Europie\",\"isPartOf\":{\"@id\":\"https:\/\/polakweuropie.sprjp2.edu.pl\/#website\"},\"datePublished\":\"2012-11-19T13:03:41+00:00\",\"dateModified\":\"2012-11-19T13:03:41+00:00\",\"author\":{\"@id\":\"https:\/\/polakweuropie.sprjp2.edu.pl\/#\/schema\/person\/46e8e4737afeabd93bcd3c9ef960cef4\"},\"breadcrumb\":{\"@id\":\"https:\/\/polakweuropie.sprjp2.edu.pl\/?p=23#breadcrumb\"},\"inLanguage\":\"pl-PL\",\"potentialAction\":[{\"@type\":\"ReadAction\",\"target\":[\"https:\/\/polakweuropie.sprjp2.edu.pl\/?p=23\"]}]},{\"@type\":\"BreadcrumbList\",\"@id\":\"https:\/\/polakweuropie.sprjp2.edu.pl\/?p=23#breadcrumb\",\"itemListElement\":[{\"@type\":\"ListItem\",\"position\":1,\"name\":\"Strona g\u0142\u00f3wna\",\"item\":\"https:\/\/polakweuropie.sprjp2.edu.pl\/\"},{\"@type\":\"ListItem\",\"position\":2,\"name\":\"Zadania z drugiego obszaru &#8222;Pomorze i Mazury&#8221;\"}]},{\"@type\":\"WebSite\",\"@id\":\"https:\/\/polakweuropie.sprjp2.edu.pl\/#website\",\"url\":\"https:\/\/polakweuropie.sprjp2.edu.pl\/\",\"name\":\"\u201eCudze chwalicie, swego nie znacie...\u201d M\u0142ody Polak w Europie\",\"description\":\"Projekt w Szkole Podstawowej nr 112 Przymierza Rodzin\",\"potentialAction\":[{\"@type\":\"SearchAction\",\"target\":{\"@type\":\"EntryPoint\",\"urlTemplate\":\"https:\/\/polakweuropie.sprjp2.edu.pl\/?s={search_term_string}\"},\"query-input\":\"required name=search_term_string\"}],\"inLanguage\":\"pl-PL\"},{\"@type\":\"Person\",\"@id\":\"https:\/\/polakweuropie.sprjp2.edu.pl\/#\/schema\/person\/46e8e4737afeabd93bcd3c9ef960cef4\",\"name\":\"admin\",\"image\":{\"@type\":\"ImageObject\",\"inLanguage\":\"pl-PL\",\"@id\":\"https:\/\/polakweuropie.sprjp2.edu.pl\/#\/schema\/person\/image\/\",\"url\":\"https:\/\/secure.gravatar.com\/avatar\/9b5a712af31058c65327544bfadfc108?s=96&d=mm&r=g\",\"contentUrl\":\"https:\/\/secure.gravatar.com\/avatar\/9b5a712af31058c65327544bfadfc108?s=96&d=mm&r=g\",\"caption\":\"admin\"},\"url\":\"https:\/\/polakweuropie.sprjp2.edu.pl\/?author=1\"}]}<\/script>\n<!-- \/ Yoast SEO plugin. -->","yoast_head_json":{"title":"Zadania z drugiego obszaru \"Pomorze i Mazury\" - \u201eCudze chwalicie, swego nie znacie...\u201d M\u0142ody Polak w Europie","robots":{"index":"index","follow":"follow","max-snippet":"max-snippet:-1","max-image-preview":"max-image-preview:large","max-video-preview":"max-video-preview:-1"},"canonical":"https:\/\/polakweuropie.sprjp2.edu.pl\/?p=23","og_locale":"pl_PL","og_type":"article","og_title":"Zadania z drugiego obszaru \"Pomorze i Mazury\" - \u201eCudze chwalicie, swego nie znacie...\u201d M\u0142ody Polak w Europie","og_description":"Zadania do 3 etapu projektu \u201eCudze chwalicie, swego nie znacie\u201d Obszar II &#8211; POMORZE I MAZURY Termin I: do 19 grudnia Punktacja: od 0-10 pkt za zadanie, + 5 punkt\u00f3w za oddanie w terminie, + 10 punkt\u00f3w za prac\u0119 w j\u0119zyku obcym 1.\u00a0\u00a0 \u00a0\u201eGotyk na dotyk\u201d Przygotuj makiet\u0119 wybranego zamku krzy\u017cackiego lub toru\u0144skiej kamienicy mieszcza\u0144skiej [&hellip;]","og_url":"https:\/\/polakweuropie.sprjp2.edu.pl\/?p=23","og_site_name":"\u201eCudze chwalicie, swego nie znacie...\u201d M\u0142ody Polak w Europie","article_published_time":"2012-11-19T13:03:41+00:00","author":"admin","twitter_card":"summary_large_image","twitter_misc":{"Napisane przez":"admin","Szacowany czas czytania":"3 minuty"},"schema":{"@context":"https:\/\/schema.org","@graph":[{"@type":"WebPage","@id":"https:\/\/polakweuropie.sprjp2.edu.pl\/?p=23","url":"https:\/\/polakweuropie.sprjp2.edu.pl\/?p=23","name":"Zadania z drugiego obszaru \"Pomorze i Mazury\" - \u201eCudze chwalicie, swego nie znacie...\u201d M\u0142ody Polak w Europie","isPartOf":{"@id":"https:\/\/polakweuropie.sprjp2.edu.pl\/#website"},"datePublished":"2012-11-19T13:03:41+00:00","dateModified":"2012-11-19T13:03:41+00:00","author":{"@id":"https:\/\/polakweuropie.sprjp2.edu.pl\/#\/schema\/person\/46e8e4737afeabd93bcd3c9ef960cef4"},"breadcrumb":{"@id":"https:\/\/polakweuropie.sprjp2.edu.pl\/?p=23#breadcrumb"},"inLanguage":"pl-PL","potentialAction":[{"@type":"ReadAction","target":["https:\/\/polakweuropie.sprjp2.edu.pl\/?p=23"]}]},{"@type":"BreadcrumbList","@id":"https:\/\/polakweuropie.sprjp2.edu.pl\/?p=23#breadcrumb","itemListElement":[{"@type":"ListItem","position":1,"name":"Strona g\u0142\u00f3wna","item":"https:\/\/polakweuropie.sprjp2.edu.pl\/"},{"@type":"ListItem","position":2,"name":"Zadania z drugiego obszaru &#8222;Pomorze i Mazury&#8221;"}]},{"@type":"WebSite","@id":"https:\/\/polakweuropie.sprjp2.edu.pl\/#website","url":"https:\/\/polakweuropie.sprjp2.edu.pl\/","name":"\u201eCudze chwalicie, swego nie znacie...\u201d M\u0142ody Polak w Europie","description":"Projekt w Szkole Podstawowej nr 112 Przymierza Rodzin","potentialAction":[{"@type":"SearchAction","target":{"@type":"EntryPoint","urlTemplate":"https:\/\/polakweuropie.sprjp2.edu.pl\/?s={search_term_string}"},"query-input":"required name=search_term_string"}],"inLanguage":"pl-PL"},{"@type":"Person","@id":"https:\/\/polakweuropie.sprjp2.edu.pl\/#\/schema\/person\/46e8e4737afeabd93bcd3c9ef960cef4","name":"admin","image":{"@type":"ImageObject","inLanguage":"pl-PL","@id":"https:\/\/polakweuropie.sprjp2.edu.pl\/#\/schema\/person\/image\/","url":"https:\/\/secure.gravatar.com\/avatar\/9b5a712af31058c65327544bfadfc108?s=96&d=mm&r=g","contentUrl":"https:\/\/secure.gravatar.com\/avatar\/9b5a712af31058c65327544bfadfc108?s=96&d=mm&r=g","caption":"admin"},"url":"https:\/\/polakweuropie.sprjp2.edu.pl\/?author=1"}]}},"_links":{"self":[{"href":"https:\/\/polakweuropie.sprjp2.edu.pl\/index.php?rest_route=\/wp\/v2\/posts\/23"}],"collection":[{"href":"https:\/\/polakweuropie.sprjp2.edu.pl\/index.php?rest_route=\/wp\/v2\/posts"}],"about":[{"href":"https:\/\/polakweuropie.sprjp2.edu.pl\/index.php?rest_route=\/wp\/v2\/types\/post"}],"author":[{"embeddable":true,"href":"https:\/\/polakweuropie.sprjp2.edu.pl\/index.php?rest_route=\/wp\/v2\/users\/1"}],"replies":[{"embeddable":true,"href":"https:\/\/polakweuropie.sprjp2.edu.pl\/index.php?rest_route=%2Fwp%2Fv2%2Fcomments&post=23"}],"version-history":[{"count":2,"href":"https:\/\/polakweuropie.sprjp2.edu.pl\/index.php?rest_route=\/wp\/v2\/posts\/23\/revisions"}],"predecessor-version":[{"id":25,"href":"https:\/\/polakweuropie.sprjp2.edu.pl\/index.php?rest_route=\/wp\/v2\/posts\/23\/revisions\/25"}],"wp:attachment":[{"href":"https:\/\/polakweuropie.sprjp2.edu.pl\/index.php?rest_route=%2Fwp%2Fv2%2Fmedia&parent=23"}],"wp:term":[{"taxonomy":"category","embeddable":true,"href":"https:\/\/polakweuropie.sprjp2.edu.pl\/index.php?rest_route=%2Fwp%2Fv2%2Fcategories&post=23"},{"taxonomy":"post_tag","embeddable":true,"href":"https:\/\/polakweuropie.sprjp2.edu.pl\/index.php?rest_route=%2Fwp%2Fv2%2Ftags&post=23"}],"curies":[{"name":"wp","href":"https:\/\/api.w.org\/{rel}","templated":true}]}}