{"id":18,"date":"2012-11-15T15:31:06","date_gmt":"2012-11-15T14:31:06","guid":{"rendered":"http:\/\/polakweuropie.sprjp2.edu.pl\/?p=18"},"modified":"2012-11-16T14:32:37","modified_gmt":"2012-11-16T13:32:37","slug":"zmiany-w-regulaminie","status":"publish","type":"post","link":"https:\/\/polakweuropie.sprjp2.edu.pl\/?p=18","title":{"rendered":"Zmiany w regulaminie"},"content":{"rendered":"<p>Uwaga \u2013 od dnia 15.11.2012r nast\u0105pi\u0142y zmiany w regulaminie w punktach: 4,6 i 7<br \/>\ndotycz\u0105ce termin\u00f3w i punktacji. Zadania z II obszaru wkr\u00f3tce.<\/p>\n","protected":false},"excerpt":{"rendered":"<p>Uwaga \u2013 od dnia 15.11.2012r nast\u0105pi\u0142y zmiany w regulaminie w punktach: 4,6 i 7 dotycz\u0105ce termin\u00f3w i punktacji. Zadania z II obszaru wkr\u00f3tce.<\/p>\n","protected":false},"author":1,"featured_media":0,"comment_status":"open","ping_status":"open","sticky":false,"template":"","format":"standard","meta":{"ngg_post_thumbnail":0,"footnotes":""},"categories":[4,3],"tags":[],"class_list":["post-18","post","type-post","status-publish","format-standard","hentry","category-aktualnosci","category-regulamin"],"yoast_head":"<!-- This site is optimized with the Yoast SEO plugin v20.5 - https:\/\/yoast.com\/wordpress\/plugins\/seo\/ -->\n<title>Zmiany w regulaminie - \u201eCudze chwalicie, swego nie znacie...\u201d M\u0142ody Polak w Europie<\/title>\n<meta name=\"robots\" content=\"index, follow, max-snippet:-1, max-image-preview:large, max-video-preview:-1\" \/>\n<link rel=\"canonical\" href=\"https:\/\/polakweuropie.sprjp2.edu.pl\/?p=18\" \/>\n<meta property=\"og:locale\" content=\"pl_PL\" \/>\n<meta property=\"og:type\" content=\"article\" \/>\n<meta property=\"og:title\" content=\"Zmiany w regulaminie - \u201eCudze chwalicie, swego nie znacie...\u201d M\u0142ody Polak w Europie\" \/>\n<meta property=\"og:description\" content=\"Uwaga \u2013 od dnia 15.11.2012r nast\u0105pi\u0142y zmiany w regulaminie w punktach: 4,6 i 7 dotycz\u0105ce termin\u00f3w i punktacji. Zadania z II obszaru wkr\u00f3tce.\" \/>\n<meta property=\"og:url\" content=\"https:\/\/polakweuropie.sprjp2.edu.pl\/?p=18\" \/>\n<meta property=\"og:site_name\" content=\"\u201eCudze chwalicie, swego nie znacie...\u201d M\u0142ody Polak w Europie\" \/>\n<meta property=\"article:published_time\" content=\"2012-11-15T14:31:06+00:00\" \/>\n<meta property=\"article:modified_time\" content=\"2012-11-16T13:32:37+00:00\" \/>\n<meta name=\"author\" content=\"admin\" \/>\n<meta name=\"twitter:card\" content=\"summary_large_image\" \/>\n<meta name=\"twitter:label1\" content=\"Napisane przez\" \/>\n\t<meta name=\"twitter:data1\" content=\"admin\" \/>\n<script type=\"application\/ld+json\" class=\"yoast-schema-graph\">{\"@context\":\"https:\/\/schema.org\",\"@graph\":[{\"@type\":\"WebPage\",\"@id\":\"https:\/\/polakweuropie.sprjp2.edu.pl\/?p=18\",\"url\":\"https:\/\/polakweuropie.sprjp2.edu.pl\/?p=18\",\"name\":\"Zmiany w regulaminie - \u201eCudze chwalicie, swego nie znacie...\u201d M\u0142ody Polak w Europie\",\"isPartOf\":{\"@id\":\"https:\/\/polakweuropie.sprjp2.edu.pl\/#website\"},\"datePublished\":\"2012-11-15T14:31:06+00:00\",\"dateModified\":\"2012-11-16T13:32:37+00:00\",\"author\":{\"@id\":\"https:\/\/polakweuropie.sprjp2.edu.pl\/#\/schema\/person\/46e8e4737afeabd93bcd3c9ef960cef4\"},\"breadcrumb\":{\"@id\":\"https:\/\/polakweuropie.sprjp2.edu.pl\/?p=18#breadcrumb\"},\"inLanguage\":\"pl-PL\",\"potentialAction\":[{\"@type\":\"ReadAction\",\"target\":[\"https:\/\/polakweuropie.sprjp2.edu.pl\/?p=18\"]}]},{\"@type\":\"BreadcrumbList\",\"@id\":\"https:\/\/polakweuropie.sprjp2.edu.pl\/?p=18#breadcrumb\",\"itemListElement\":[{\"@type\":\"ListItem\",\"position\":1,\"name\":\"Strona g\u0142\u00f3wna\",\"item\":\"https:\/\/polakweuropie.sprjp2.edu.pl\/\"},{\"@type\":\"ListItem\",\"position\":2,\"name\":\"Zmiany w regulaminie\"}]},{\"@type\":\"WebSite\",\"@id\":\"https:\/\/polakweuropie.sprjp2.edu.pl\/#website\",\"url\":\"https:\/\/polakweuropie.sprjp2.edu.pl\/\",\"name\":\"\u201eCudze chwalicie, swego nie znacie...\u201d M\u0142ody Polak w Europie\",\"description\":\"Projekt w Szkole Podstawowej nr 112 Przymierza Rodzin\",\"potentialAction\":[{\"@type\":\"SearchAction\",\"target\":{\"@type\":\"EntryPoint\",\"urlTemplate\":\"https:\/\/polakweuropie.sprjp2.edu.pl\/?s={search_term_string}\"},\"query-input\":\"required name=search_term_string\"}],\"inLanguage\":\"pl-PL\"},{\"@type\":\"Person\",\"@id\":\"https:\/\/polakweuropie.sprjp2.edu.pl\/#\/schema\/person\/46e8e4737afeabd93bcd3c9ef960cef4\",\"name\":\"admin\",\"image\":{\"@type\":\"ImageObject\",\"inLanguage\":\"pl-PL\",\"@id\":\"https:\/\/polakweuropie.sprjp2.edu.pl\/#\/schema\/person\/image\/\",\"url\":\"https:\/\/secure.gravatar.com\/avatar\/9b5a712af31058c65327544bfadfc108?s=96&d=mm&r=g\",\"contentUrl\":\"https:\/\/secure.gravatar.com\/avatar\/9b5a712af31058c65327544bfadfc108?s=96&d=mm&r=g\",\"caption\":\"admin\"},\"url\":\"https:\/\/polakweuropie.sprjp2.edu.pl\/?author=1\"}]}<\/script>\n<!-- \/ Yoast SEO plugin. -->","yoast_head_json":{"title":"Zmiany w regulaminie - \u201eCudze chwalicie, swego nie znacie...\u201d M\u0142ody Polak w Europie","robots":{"index":"index","follow":"follow","max-snippet":"max-snippet:-1","max-image-preview":"max-image-preview:large","max-video-preview":"max-video-preview:-1"},"canonical":"https:\/\/polakweuropie.sprjp2.edu.pl\/?p=18","og_locale":"pl_PL","og_type":"article","og_title":"Zmiany w regulaminie - \u201eCudze chwalicie, swego nie znacie...\u201d M\u0142ody Polak w Europie","og_description":"Uwaga \u2013 od dnia 15.11.2012r nast\u0105pi\u0142y zmiany w regulaminie w punktach: 4,6 i 7 dotycz\u0105ce termin\u00f3w i punktacji. Zadania z II obszaru wkr\u00f3tce.","og_url":"https:\/\/polakweuropie.sprjp2.edu.pl\/?p=18","og_site_name":"\u201eCudze chwalicie, swego nie znacie...\u201d M\u0142ody Polak w Europie","article_published_time":"2012-11-15T14:31:06+00:00","article_modified_time":"2012-11-16T13:32:37+00:00","author":"admin","twitter_card":"summary_large_image","twitter_misc":{"Napisane przez":"admin"},"schema":{"@context":"https:\/\/schema.org","@graph":[{"@type":"WebPage","@id":"https:\/\/polakweuropie.sprjp2.edu.pl\/?p=18","url":"https:\/\/polakweuropie.sprjp2.edu.pl\/?p=18","name":"Zmiany w regulaminie - \u201eCudze chwalicie, swego nie znacie...\u201d M\u0142ody Polak w Europie","isPartOf":{"@id":"https:\/\/polakweuropie.sprjp2.edu.pl\/#website"},"datePublished":"2012-11-15T14:31:06+00:00","dateModified":"2012-11-16T13:32:37+00:00","author":{"@id":"https:\/\/polakweuropie.sprjp2.edu.pl\/#\/schema\/person\/46e8e4737afeabd93bcd3c9ef960cef4"},"breadcrumb":{"@id":"https:\/\/polakweuropie.sprjp2.edu.pl\/?p=18#breadcrumb"},"inLanguage":"pl-PL","potentialAction":[{"@type":"ReadAction","target":["https:\/\/polakweuropie.sprjp2.edu.pl\/?p=18"]}]},{"@type":"BreadcrumbList","@id":"https:\/\/polakweuropie.sprjp2.edu.pl\/?p=18#breadcrumb","itemListElement":[{"@type":"ListItem","position":1,"name":"Strona g\u0142\u00f3wna","item":"https:\/\/polakweuropie.sprjp2.edu.pl\/"},{"@type":"ListItem","position":2,"name":"Zmiany w regulaminie"}]},{"@type":"WebSite","@id":"https:\/\/polakweuropie.sprjp2.edu.pl\/#website","url":"https:\/\/polakweuropie.sprjp2.edu.pl\/","name":"\u201eCudze chwalicie, swego nie znacie...\u201d M\u0142ody Polak w Europie","description":"Projekt w Szkole Podstawowej nr 112 Przymierza Rodzin","potentialAction":[{"@type":"SearchAction","target":{"@type":"EntryPoint","urlTemplate":"https:\/\/polakweuropie.sprjp2.edu.pl\/?s={search_term_string}"},"query-input":"required name=search_term_string"}],"inLanguage":"pl-PL"},{"@type":"Person","@id":"https:\/\/polakweuropie.sprjp2.edu.pl\/#\/schema\/person\/46e8e4737afeabd93bcd3c9ef960cef4","name":"admin","image":{"@type":"ImageObject","inLanguage":"pl-PL","@id":"https:\/\/polakweuropie.sprjp2.edu.pl\/#\/schema\/person\/image\/","url":"https:\/\/secure.gravatar.com\/avatar\/9b5a712af31058c65327544bfadfc108?s=96&d=mm&r=g","contentUrl":"https:\/\/secure.gravatar.com\/avatar\/9b5a712af31058c65327544bfadfc108?s=96&d=mm&r=g","caption":"admin"},"url":"https:\/\/polakweuropie.sprjp2.edu.pl\/?author=1"}]}},"_links":{"self":[{"href":"https:\/\/polakweuropie.sprjp2.edu.pl\/index.php?rest_route=\/wp\/v2\/posts\/18"}],"collection":[{"href":"https:\/\/polakweuropie.sprjp2.edu.pl\/index.php?rest_route=\/wp\/v2\/posts"}],"about":[{"href":"https:\/\/polakweuropie.sprjp2.edu.pl\/index.php?rest_route=\/wp\/v2\/types\/post"}],"author":[{"embeddable":true,"href":"https:\/\/polakweuropie.sprjp2.edu.pl\/index.php?rest_route=\/wp\/v2\/users\/1"}],"replies":[{"embeddable":true,"href":"https:\/\/polakweuropie.sprjp2.edu.pl\/index.php?rest_route=%2Fwp%2Fv2%2Fcomments&post=18"}],"version-history":[{"count":3,"href":"https:\/\/polakweuropie.sprjp2.edu.pl\/index.php?rest_route=\/wp\/v2\/posts\/18\/revisions"}],"predecessor-version":[{"id":22,"href":"https:\/\/polakweuropie.sprjp2.edu.pl\/index.php?rest_route=\/wp\/v2\/posts\/18\/revisions\/22"}],"wp:attachment":[{"href":"https:\/\/polakweuropie.sprjp2.edu.pl\/index.php?rest_route=%2Fwp%2Fv2%2Fmedia&parent=18"}],"wp:term":[{"taxonomy":"category","embeddable":true,"href":"https:\/\/polakweuropie.sprjp2.edu.pl\/index.php?rest_route=%2Fwp%2Fv2%2Fcategories&post=18"},{"taxonomy":"post_tag","embeddable":true,"href":"https:\/\/polakweuropie.sprjp2.edu.pl\/index.php?rest_route=%2Fwp%2Fv2%2Ftags&post=18"}],"curies":[{"name":"wp","href":"https:\/\/api.w.org\/{rel}","templated":true}]}}