{"id":10,"date":"2012-11-15T12:02:37","date_gmt":"2012-11-15T11:02:37","guid":{"rendered":"http:\/\/polakweuropie.sprjp2.edu.pl\/?p=10"},"modified":"2012-11-19T14:05:47","modified_gmt":"2012-11-19T13:05:47","slug":"zadania-do-projektu-cudze-chwalicie-swojego-nie-znacie","status":"publish","type":"post","link":"https:\/\/polakweuropie.sprjp2.edu.pl\/?p=10","title":{"rendered":"Zadania do projektu: \u201eCudze chwalicie swojego nie znacie\u201d"},"content":{"rendered":"<p><strong>Oto zadania do 2 etapu projektu (w nawiasie zaznaczone jest czy praca ma by\u0107 wykonana w grupie (G) czy indywidualnie (I); jednocze\u015bnie podany jest zakres punkt\u00f3w, jakie mo\u017cna uzyska\u0107 w tym zadaniu). Termin oddawania prac 16 listopada 2012.<\/strong><\/p>\n<p>\u2022\u00a0\u00a0 \u00a0\u201eNajwy\u017cszy w Warszawie\u201d<br \/>\nPrzygotuj makiet\u0119 Warszawy przedstawiaj\u0105c\u0105 historycznie najwy\u017csze budynki: druga siedziba Cedergrena (p\u00f3\u017aniejsza PASTa), ko\u015bci\u00f3\u0142 \u015bw. Tr\u00f3jcy (lutera\u0144ski), pasa\u017c Simonsa, Prudential oraz powojenne wysoko\u015bciowce, kt\u00f3rych coraz wi\u0119cej przybywa zw\u0142aszcza w \u015bcis\u0142ym centrum miasta. (G\/I; 0-10pkt.)<br \/>\n\u2022\u00a0\u00a0 \u00a0\u201eDawniej i dzi\u015b\u201d<br \/>\nZnajd\u017a rycin\u0119 albo fotografi\u0119 przedstawiaj\u0105c\u0105 miejsce w Warszawie w przesz\u0142o\u015bci. Przedstaw na plakacie, jakie nast\u0105pi\u0142y zmiany i dlaczego. (I; 0-10pkt.)<br \/>\n\u2022\u00a0\u00a0 \u00a0\u201ePo drugiej stronie obrazu\u201d<br \/>\nWybierzcie obraz przedstawiaj\u0105cy Warszaw\u0119 lub wydarzenia w Warszawie. Zainscenizujcie scenk\u0119 uwiecznion\u0105 przez malarza. Przygotujcie sobie kostiumy stylizowane na t\u0119 epok\u0119. Zr\u00f3bcie sesj\u0119 zdj\u0119ciow\u0105.(G; 0-10pkt.)<br \/>\n\u2022\u00a0\u00a0 \u00a0\u201eWarszawskie naj\u2026\u201d<br \/>\nWybierz miejsce, kt\u00f3re mie\u015bci si\u0119 w kategorii naj (najwa\u017cniejsze, najpi\u0119kniejsze, najwi\u0119ksze, najbardziej atrakcyjne, najstarsze itd.). Przedstaw je w przestrzennej formie plastycznej.(I; 0-10pkt.)<br \/>\n\u2022\u00a0\u00a0 \u00a0\u201eNadajemy na \u017cywo z Warszawy\u201d<br \/>\nUdaj si\u0119 w miejsce, gdzie mia\u0142o miejsce wa\u017cne, historyczne wydarzenie i\u00a0 nagraj relacj\u0119 \u201ena \u017cywo\u201d. (I; 0-10pkt.)<br \/>\n\u2022\u00a0\u00a0 \u00a0\u201eHistoria rodzinna\u201d<br \/>\nPrzedstaw, w formie scenariuszu filmowego, histori\u0119 swojej rodziny, zwi\u0105zan\u0105 z Warszaw\u0105 (I; 0-10pkt.)<br \/>\n\u2022\u00a0\u00a0 \u00a0\u201eChopin w Warszawie\u201d<br \/>\nNakr\u0119\u0107 film z wycieczki \u015bladami Chopina, w kt\u00f3rym, w jednej ze scen, wykonasz fragment utworu Chopina. (I; 0-10pkt.)<br \/>\n\u2022\u00a0\u00a0 \u00a0\u201eKamienica z histori\u0105\u201d<br \/>\nPrzedstaw histori\u0119 wybranej kamienicy ze Starego Miasta. Warto zajrze\u0107 do ksi\u0105\u017cki pt. \u201eOsta\u0144ce warszawskie\u201d (I; 0-7pkt.)<br \/>\n\u2022\u00a0\u00a0 \u00a0\u201ePowr\u00f3t do przesz\u0142o\u015bci\u201d<br \/>\nPrzygotuj plakat, na kt\u00f3rym przedstawisz cztery historyczne ods\u0142ony wybranego miejsca w Warszawie (I; 0-10pkt.)<br \/>\n\u2022\u00a0\u00a0 \u00a0\u201eKomu piosenk\u0119\u201d<br \/>\nU\u0142\u00f3\u017c piosenk\u0119 o Warszawie i wykonaj j\u0105 w ulubionym stylu muzycznym. Nagraj j\u0105. (G\/I; 0-10pkt.)<br \/>\n\u2022\u00a0\u00a0 \u00a0\u201eOdwr\u00f3\u0107 si\u0119 ku Wi\u015ble\u201d<br \/>\nPrzygotuj informator o tym co si\u0119 dzieje nad Wis\u0142\u0105 w Warszawie, co mo\u017cna robi\u0107 i zobaczy\u0107. (I; 0-7pkt.)<br \/>\n\u2022\u00a0\u00a0 \u00a0\u201eWi\u015blana autostrada\u201d<br \/>\nDowiedz si\u0119 kto i dlaczego podr\u00f3\u017cuje Wis\u0142\u0105, jakie napotyka przeszkody. We\u017a pod uwag\u0119 nie tylko ludzi ale i zwierz\u0119ta (I; 0-10pkt.)<br \/>\n\u2022\u00a0\u00a0 \u00a0\u201eMurale Warszawy\u201d<br \/>\nOdszukaj i sfotografuj ciekawe murale w Warszawie i zaznacz ich po\u0142o\u017cenie na mapie. Zaprojektuj w\u0142asny\u00a0 na mur naszej szko\u0142y. (I; 0-7pkt.)<br \/>\n\u2022\u00a0\u00a0 \u00a0\u201eSpacer nad Wis\u0142\u0119\u201d<br \/>\nPrzygotuj fotoreporta\u017c znad Wis\u0142y, zaznacz tras\u0119 spaceru na mapie. (I;0-7pkt.)<br \/>\n\u2022\u00a0\u00a0 \u00a0\u201eRowerem po Warszawie\u201d<br \/>\nPrzygotuj przewodnik opisuj\u0105cy jedn\u0105 ciekaw\u0105 wycieczk\u0119 rowerow\u0105 w Warszawie: wzd\u0142u\u017c skarpy wi\u015blanej lub nad Wis\u0142\u0105. (I; 0-10pkt.)<br \/>\n\u2022\u00a0\u00a0 \u00a0\u201eWywiad z Warszawiakiem\u201d<br \/>\nZrekonstruuj wywiad z osob\u0105 zas\u0142u\u017con\u0105 dla Warszawy (postaci\u0105 historyczn\u0105) np. Baryczkowie (wybitna rodzina kupc\u00f3w, posiadaczy kamienic na rynku starego miasta), ksi\u0119\u017cna Aleksandra Augustowa Potocka (filantropka warszawska, fundatorka wielu budynk\u00f3w i dziel dobroczynnych), Jan i Antonina \u017babi\u0144scy (organizatorzy warszawskiego zoo, kt\u00f3rzy na jego terenie prowadzili podczas II wojny \u015bwiatowej dzia\u0142alno\u015b\u0107 konspiracyjna i ukrywali \u017cyd\u00f3w), Janusz Korczak (wychowawca sierot warszawskich i autor praw dziecka). (I; 0-7pkt.)<br \/>\n\u2022\u00a0\u00a0 \u00a0\u201eW nadwi\u015bla\u0144skich zaro\u015blach\u201d<br \/>\nPrzedstaw w albumie nadwi\u015bla\u0144skich mieszka\u0144c\u00f3w: ptaki i inne zwierz\u0119ta. (I; 0-7pkt.)<br \/>\n\u2022\u00a0\u00a0 \u00a0\u201eZagrajmy w Warszaw\u0119\u201d<br \/>\nPrzygotuj plansz\u0119 do gry, w kszta\u0142cie planu Warszawy, na kt\u00f3rej umie\u015bcisz przestrzenne ilustracje wa\u017cnych wydarze\u0144 historycznych, kt\u00f3re mia\u0142y miejsce w Warszawie. (I; 0-10pkt.)<br \/>\n\u2022\u00a0\u00a0 \u00a0\u201eZagrajmy w Warszaw\u0119, na mie\u015bcie\u201d<br \/>\nPrzygotuj scenariusz gry terenowej po Starym Mie\u015bcie, wykorzystuj\u0105c nieoczywiste ciekawostki (I; 0-10pkt.)<br \/>\n\u2022\u00a0\u00a0 \u00a0\u201eByli sobie wynalazcy\u201d<br \/>\nW klarowny spos\u00f3b przedstaw wybrane odkrycie lub osi\u0105gni\u0119cie naukowe dokonane w Warszawie, lub przez Warszawiaka (np. z\u0142amanie kodu Enigmy lub osi\u0105gni\u0119cia Janusza Groszkowskiego) (I; 0-7 pkt.)<br \/>\n\u2022\u00a0\u00a0 \u00a0\u201eWarsaw, Warschau, Vasovie\u201d<br \/>\nZaprezentuj swoj\u0105 prac\u0119 w obcym j\u0119zyku (angielski lub niemiecki) (I; 0-10pkt.)<\/p>\n","protected":false},"excerpt":{"rendered":"<p>Oto zadania do 2 etapu projektu (w nawiasie zaznaczone jest czy praca ma by\u0107 wykonana w grupie (G) czy indywidualnie (I); jednocze\u015bnie podany jest zakres punkt\u00f3w, jakie mo\u017cna uzyska\u0107 w tym zadaniu). Termin oddawania prac 16 listopada 2012. \u2022\u00a0\u00a0 \u00a0\u201eNajwy\u017cszy w Warszawie\u201d Przygotuj makiet\u0119 Warszawy przedstawiaj\u0105c\u0105 historycznie najwy\u017csze budynki: druga siedziba Cedergrena (p\u00f3\u017aniejsza PASTa), ko\u015bci\u00f3\u0142 [&hellip;]<\/p>\n","protected":false},"author":1,"featured_media":0,"comment_status":"open","ping_status":"open","sticky":false,"template":"","format":"standard","meta":{"ngg_post_thumbnail":0,"footnotes":""},"categories":[4,7],"tags":[],"class_list":["post-10","post","type-post","status-publish","format-standard","hentry","category-aktualnosci","category-zadania"],"yoast_head":"<!-- This site is optimized with the Yoast SEO plugin v20.5 - https:\/\/yoast.com\/wordpress\/plugins\/seo\/ -->\n<title>Zadania do projektu: \u201eCudze chwalicie swojego nie znacie\u201d - \u201eCudze chwalicie, swego nie znacie...\u201d M\u0142ody Polak w Europie<\/title>\n<meta name=\"robots\" content=\"index, follow, max-snippet:-1, max-image-preview:large, max-video-preview:-1\" \/>\n<link rel=\"canonical\" href=\"https:\/\/polakweuropie.sprjp2.edu.pl\/?p=10\" \/>\n<meta property=\"og:locale\" content=\"pl_PL\" \/>\n<meta property=\"og:type\" content=\"article\" \/>\n<meta property=\"og:title\" content=\"Zadania do projektu: \u201eCudze chwalicie swojego nie znacie\u201d - \u201eCudze chwalicie, swego nie znacie...\u201d M\u0142ody Polak w Europie\" \/>\n<meta property=\"og:description\" content=\"Oto zadania do 2 etapu projektu (w nawiasie zaznaczone jest czy praca ma by\u0107 wykonana w grupie (G) czy indywidualnie (I); jednocze\u015bnie podany jest zakres punkt\u00f3w, jakie mo\u017cna uzyska\u0107 w tym zadaniu). Termin oddawania prac 16 listopada 2012. \u2022\u00a0\u00a0 \u00a0\u201eNajwy\u017cszy w Warszawie\u201d Przygotuj makiet\u0119 Warszawy przedstawiaj\u0105c\u0105 historycznie najwy\u017csze budynki: druga siedziba Cedergrena (p\u00f3\u017aniejsza PASTa), ko\u015bci\u00f3\u0142 [&hellip;]\" \/>\n<meta property=\"og:url\" content=\"https:\/\/polakweuropie.sprjp2.edu.pl\/?p=10\" \/>\n<meta property=\"og:site_name\" content=\"\u201eCudze chwalicie, swego nie znacie...\u201d M\u0142ody Polak w Europie\" \/>\n<meta property=\"article:published_time\" content=\"2012-11-15T11:02:37+00:00\" \/>\n<meta property=\"article:modified_time\" content=\"2012-11-19T13:05:47+00:00\" \/>\n<meta name=\"author\" content=\"admin\" \/>\n<meta name=\"twitter:card\" content=\"summary_large_image\" \/>\n<meta name=\"twitter:label1\" content=\"Napisane przez\" \/>\n\t<meta name=\"twitter:data1\" content=\"admin\" \/>\n\t<meta name=\"twitter:label2\" content=\"Szacowany czas czytania\" \/>\n\t<meta name=\"twitter:data2\" content=\"3 minuty\" \/>\n<script type=\"application\/ld+json\" class=\"yoast-schema-graph\">{\"@context\":\"https:\/\/schema.org\",\"@graph\":[{\"@type\":\"WebPage\",\"@id\":\"https:\/\/polakweuropie.sprjp2.edu.pl\/?p=10\",\"url\":\"https:\/\/polakweuropie.sprjp2.edu.pl\/?p=10\",\"name\":\"Zadania do projektu: \u201eCudze chwalicie swojego nie znacie\u201d - \u201eCudze chwalicie, swego nie znacie...\u201d M\u0142ody Polak w Europie\",\"isPartOf\":{\"@id\":\"https:\/\/polakweuropie.sprjp2.edu.pl\/#website\"},\"datePublished\":\"2012-11-15T11:02:37+00:00\",\"dateModified\":\"2012-11-19T13:05:47+00:00\",\"author\":{\"@id\":\"https:\/\/polakweuropie.sprjp2.edu.pl\/#\/schema\/person\/46e8e4737afeabd93bcd3c9ef960cef4\"},\"breadcrumb\":{\"@id\":\"https:\/\/polakweuropie.sprjp2.edu.pl\/?p=10#breadcrumb\"},\"inLanguage\":\"pl-PL\",\"potentialAction\":[{\"@type\":\"ReadAction\",\"target\":[\"https:\/\/polakweuropie.sprjp2.edu.pl\/?p=10\"]}]},{\"@type\":\"BreadcrumbList\",\"@id\":\"https:\/\/polakweuropie.sprjp2.edu.pl\/?p=10#breadcrumb\",\"itemListElement\":[{\"@type\":\"ListItem\",\"position\":1,\"name\":\"Strona g\u0142\u00f3wna\",\"item\":\"https:\/\/polakweuropie.sprjp2.edu.pl\/\"},{\"@type\":\"ListItem\",\"position\":2,\"name\":\"Zadania do projektu: \u201eCudze chwalicie swojego nie znacie\u201d\"}]},{\"@type\":\"WebSite\",\"@id\":\"https:\/\/polakweuropie.sprjp2.edu.pl\/#website\",\"url\":\"https:\/\/polakweuropie.sprjp2.edu.pl\/\",\"name\":\"\u201eCudze chwalicie, swego nie znacie...\u201d M\u0142ody Polak w Europie\",\"description\":\"Projekt w Szkole Podstawowej nr 112 Przymierza Rodzin\",\"potentialAction\":[{\"@type\":\"SearchAction\",\"target\":{\"@type\":\"EntryPoint\",\"urlTemplate\":\"https:\/\/polakweuropie.sprjp2.edu.pl\/?s={search_term_string}\"},\"query-input\":\"required name=search_term_string\"}],\"inLanguage\":\"pl-PL\"},{\"@type\":\"Person\",\"@id\":\"https:\/\/polakweuropie.sprjp2.edu.pl\/#\/schema\/person\/46e8e4737afeabd93bcd3c9ef960cef4\",\"name\":\"admin\",\"image\":{\"@type\":\"ImageObject\",\"inLanguage\":\"pl-PL\",\"@id\":\"https:\/\/polakweuropie.sprjp2.edu.pl\/#\/schema\/person\/image\/\",\"url\":\"https:\/\/secure.gravatar.com\/avatar\/9b5a712af31058c65327544bfadfc108?s=96&d=mm&r=g\",\"contentUrl\":\"https:\/\/secure.gravatar.com\/avatar\/9b5a712af31058c65327544bfadfc108?s=96&d=mm&r=g\",\"caption\":\"admin\"},\"url\":\"https:\/\/polakweuropie.sprjp2.edu.pl\/?author=1\"}]}<\/script>\n<!-- \/ Yoast SEO plugin. -->","yoast_head_json":{"title":"Zadania do projektu: \u201eCudze chwalicie swojego nie znacie\u201d - \u201eCudze chwalicie, swego nie znacie...\u201d M\u0142ody Polak w Europie","robots":{"index":"index","follow":"follow","max-snippet":"max-snippet:-1","max-image-preview":"max-image-preview:large","max-video-preview":"max-video-preview:-1"},"canonical":"https:\/\/polakweuropie.sprjp2.edu.pl\/?p=10","og_locale":"pl_PL","og_type":"article","og_title":"Zadania do projektu: \u201eCudze chwalicie swojego nie znacie\u201d - \u201eCudze chwalicie, swego nie znacie...\u201d M\u0142ody Polak w Europie","og_description":"Oto zadania do 2 etapu projektu (w nawiasie zaznaczone jest czy praca ma by\u0107 wykonana w grupie (G) czy indywidualnie (I); jednocze\u015bnie podany jest zakres punkt\u00f3w, jakie mo\u017cna uzyska\u0107 w tym zadaniu). Termin oddawania prac 16 listopada 2012. \u2022\u00a0\u00a0 \u00a0\u201eNajwy\u017cszy w Warszawie\u201d Przygotuj makiet\u0119 Warszawy przedstawiaj\u0105c\u0105 historycznie najwy\u017csze budynki: druga siedziba Cedergrena (p\u00f3\u017aniejsza PASTa), ko\u015bci\u00f3\u0142 [&hellip;]","og_url":"https:\/\/polakweuropie.sprjp2.edu.pl\/?p=10","og_site_name":"\u201eCudze chwalicie, swego nie znacie...\u201d M\u0142ody Polak w Europie","article_published_time":"2012-11-15T11:02:37+00:00","article_modified_time":"2012-11-19T13:05:47+00:00","author":"admin","twitter_card":"summary_large_image","twitter_misc":{"Napisane przez":"admin","Szacowany czas czytania":"3 minuty"},"schema":{"@context":"https:\/\/schema.org","@graph":[{"@type":"WebPage","@id":"https:\/\/polakweuropie.sprjp2.edu.pl\/?p=10","url":"https:\/\/polakweuropie.sprjp2.edu.pl\/?p=10","name":"Zadania do projektu: \u201eCudze chwalicie swojego nie znacie\u201d - \u201eCudze chwalicie, swego nie znacie...\u201d M\u0142ody Polak w Europie","isPartOf":{"@id":"https:\/\/polakweuropie.sprjp2.edu.pl\/#website"},"datePublished":"2012-11-15T11:02:37+00:00","dateModified":"2012-11-19T13:05:47+00:00","author":{"@id":"https:\/\/polakweuropie.sprjp2.edu.pl\/#\/schema\/person\/46e8e4737afeabd93bcd3c9ef960cef4"},"breadcrumb":{"@id":"https:\/\/polakweuropie.sprjp2.edu.pl\/?p=10#breadcrumb"},"inLanguage":"pl-PL","potentialAction":[{"@type":"ReadAction","target":["https:\/\/polakweuropie.sprjp2.edu.pl\/?p=10"]}]},{"@type":"BreadcrumbList","@id":"https:\/\/polakweuropie.sprjp2.edu.pl\/?p=10#breadcrumb","itemListElement":[{"@type":"ListItem","position":1,"name":"Strona g\u0142\u00f3wna","item":"https:\/\/polakweuropie.sprjp2.edu.pl\/"},{"@type":"ListItem","position":2,"name":"Zadania do projektu: \u201eCudze chwalicie swojego nie znacie\u201d"}]},{"@type":"WebSite","@id":"https:\/\/polakweuropie.sprjp2.edu.pl\/#website","url":"https:\/\/polakweuropie.sprjp2.edu.pl\/","name":"\u201eCudze chwalicie, swego nie znacie...\u201d M\u0142ody Polak w Europie","description":"Projekt w Szkole Podstawowej nr 112 Przymierza Rodzin","potentialAction":[{"@type":"SearchAction","target":{"@type":"EntryPoint","urlTemplate":"https:\/\/polakweuropie.sprjp2.edu.pl\/?s={search_term_string}"},"query-input":"required name=search_term_string"}],"inLanguage":"pl-PL"},{"@type":"Person","@id":"https:\/\/polakweuropie.sprjp2.edu.pl\/#\/schema\/person\/46e8e4737afeabd93bcd3c9ef960cef4","name":"admin","image":{"@type":"ImageObject","inLanguage":"pl-PL","@id":"https:\/\/polakweuropie.sprjp2.edu.pl\/#\/schema\/person\/image\/","url":"https:\/\/secure.gravatar.com\/avatar\/9b5a712af31058c65327544bfadfc108?s=96&d=mm&r=g","contentUrl":"https:\/\/secure.gravatar.com\/avatar\/9b5a712af31058c65327544bfadfc108?s=96&d=mm&r=g","caption":"admin"},"url":"https:\/\/polakweuropie.sprjp2.edu.pl\/?author=1"}]}},"_links":{"self":[{"href":"https:\/\/polakweuropie.sprjp2.edu.pl\/index.php?rest_route=\/wp\/v2\/posts\/10"}],"collection":[{"href":"https:\/\/polakweuropie.sprjp2.edu.pl\/index.php?rest_route=\/wp\/v2\/posts"}],"about":[{"href":"https:\/\/polakweuropie.sprjp2.edu.pl\/index.php?rest_route=\/wp\/v2\/types\/post"}],"author":[{"embeddable":true,"href":"https:\/\/polakweuropie.sprjp2.edu.pl\/index.php?rest_route=\/wp\/v2\/users\/1"}],"replies":[{"embeddable":true,"href":"https:\/\/polakweuropie.sprjp2.edu.pl\/index.php?rest_route=%2Fwp%2Fv2%2Fcomments&post=10"}],"version-history":[{"count":6,"href":"https:\/\/polakweuropie.sprjp2.edu.pl\/index.php?rest_route=\/wp\/v2\/posts\/10\/revisions"}],"predecessor-version":[{"id":26,"href":"https:\/\/polakweuropie.sprjp2.edu.pl\/index.php?rest_route=\/wp\/v2\/posts\/10\/revisions\/26"}],"wp:attachment":[{"href":"https:\/\/polakweuropie.sprjp2.edu.pl\/index.php?rest_route=%2Fwp%2Fv2%2Fmedia&parent=10"}],"wp:term":[{"taxonomy":"category","embeddable":true,"href":"https:\/\/polakweuropie.sprjp2.edu.pl\/index.php?rest_route=%2Fwp%2Fv2%2Fcategories&post=10"},{"taxonomy":"post_tag","embeddable":true,"href":"https:\/\/polakweuropie.sprjp2.edu.pl\/index.php?rest_route=%2Fwp%2Fv2%2Ftags&post=10"}],"curies":[{"name":"wp","href":"https:\/\/api.w.org\/{rel}","templated":true}]}}